{"id":9074,"date":"2021-02-19T11:09:45","date_gmt":"2021-02-19T11:09:45","guid":{"rendered":"https:\/\/www.solidaridadobrera.org\/confederal\/?p=9074"},"modified":"2021-02-26T13:51:49","modified_gmt":"2021-02-26T13:51:49","slug":"aviso-13-2021-misma-categoria-iguales-derechos","status":"publish","type":"post","link":"https:\/\/www.solidaridadobrera.org\/confederal\/2021\/02\/19\/aviso-13-2021-misma-categoria-iguales-derechos\/","title":{"rendered":"AVISO 13\/2021 METROMADRID \u2013 MISMA CATEGOR\u00cdA IGUALES DERECHOS"},"content":{"rendered":"\n<p><strong>MISMA CATEGOR\u00cdA IGUALES DERECHOS<\/strong><\/p>\n\n\n\n<div class=\"wp-block-file\"><a href=\"https:\/\/www.solidaridadobrera.org\/confederal\/wp-content\/uploads\/2021\/02\/Aviso-132021.pdf\">Aviso-132021<\/a><a href=\"https:\/\/www.solidaridadobrera.org\/confederal\/wp-content\/uploads\/2021\/02\/Aviso-132021.pdf\" class=\"wp-block-file__button\" download>Descarga<\/a><\/div>\n\n\n\n<p>El pasado 1 de febrero, los compa\u00f1eros y compa\u00f1era de la secci\u00f3n 394 (Valdecarros-Hortaleza) del Servicio de Mantenimiento de Ciclo Corto, dieron entrada en el Comit\u00e9 de Empresa a las firmas recogidas entre el personal adscrito a dicha secci\u00f3n para la creaci\u00f3n de un escalaf\u00f3n rotativo para la elecci\u00f3n de turno y vacaciones.<\/p>\n\n\n\n<p>Solidaridad Obrera, haci\u00e9ndose eco de su elecci\u00f3n, hizo entrega de dichas firmas en la reuni\u00f3n de la Comisi\u00f3n Negociadora del 2 de febrero. Tambi\u00e9n hizo llegar las firmas a los responsables del Servicio, \u00c1rea y Divisi\u00f3n de Material M\u00f3vil, as\u00ed como a los responsables de RR.HH.<\/p>\n\n\n\n<p>Las firmas recogidas por los compa\u00f1eros y compa\u00f1eras, son las de una mayor\u00eda del personal de esa secci\u00f3n, a\u00fan sin descontar el n\u00famero de trabajadores que van a ascender pr\u00f3ximamente, que se van a jubilar en este a\u00f1o y la de alg\u00fan compa\u00f1ero de baja de larga duraci\u00f3n, lo que da una idea clara de que una inmensa mayor\u00eda de los trabajadores y trabajadoras apuestan por la solidaridad, por el compa\u00f1erismo y por repartir tanto lo bueno como las miserias.<\/p>\n\n\n\n<p>Solidaridad Obrera quiere celebrar que estos compa\u00f1eros abran por fin la puerta a la rotatividad en Material M\u00f3vil, algo que este sindicato lleva reivindicando desde sus or\u00edgenes.<\/p>\n\n\n\n<p><strong>La antig\u00fcedad es un concepto salarial que aparece en la n\u00f3mina, y que premia la permanencia a lo largo de los a\u00f1os dentro de Metro, NO es un derecho sobre otros compa\u00f1eros y compa\u00f1eras a tener preferencia en las condiciones laborales, misma categor\u00eda iguales derechos.<\/strong><\/p>\n\n\n\n<p>&nbsp;La rotatividad tampoco es un logro de la empresa, es solamente un acuerdo entre compa\u00f1eros, no es una reestructuraci\u00f3n de trabajadores, ni a la empresa le interesa simplemente les da igual, es solo si prestas servicio en esa secci\u00f3n tendr\u00e1s un orden de petici\u00f3n rotativo y anual. Los compa\u00f1eros seguir\u00e1n perteneciendo a sus secciones de origen y seguir\u00e1n teniendo ese escalaf\u00f3n, para si en futuras negociaciones, que pudieran afectar a la organizaci\u00f3n del Servicio, fuese necesario utilizarlos.<\/p>\n\n\n\n<p>El \u00faltimo acuerdo de escalaf\u00f3n de los Maquinistas de Tracci\u00f3n El\u00e9ctrica de nuevo ingreso y que pertenecen a la bolsa, no ha sido firmado por Solidaridad Obrera, porque el \u00fanico sistema para nosotros l\u00f3gico y que no perjudicaba a nadie, era comenzar a implantar el escalaf\u00f3n rotativo en los agentes de nuevo ingreso. Este se plante\u00f3 respetando a los que ya estaban con su escalaf\u00f3n y solo aplic\u00e1ndolo a los de la \u00faltima convocatoria, de esta manera en el futuro conseguir\u00edamos que se extinguiera este sistema heredado de la estructura militar que ten\u00eda tiempos atr\u00e1s Metro de Madrid. En este caso nos quedamos fuera del acuerdo que mantiene este sistema arcaico e injusto.<\/p>\n\n\n\n<p>La historia se repiti\u00f3 anteriormente con el escalaf\u00f3n de los Jefes de Sector de reciente ingreso, tambi\u00e9n fue planteada esta soluci\u00f3n m\u00e1s justa, pero una vez m\u00e1s nos quedamos solos defendi\u00e9ndolo.<\/p>\n\n\n\n<p>En el caso de la Secci\u00f3n de Se\u00f1ales han planteado realizar un refer\u00e9ndum para implantar tambi\u00e9n en su secci\u00f3n el escalaf\u00f3n rotativo, propuesta que, ha sido muy bien acogida por Solidaridad Obrera, al igual que el resto de la parte social, y adem\u00e1s, hemos pedido que se haga extensible a la Secci\u00f3n de Escaleras Mec\u00e1nicas en la que los trabajadores tambi\u00e9n lo est\u00e1n solicitando.<\/p>\n\n\n\n<p>Desde Solidaridad Obrera exigimos que se respeten los acuerdos alcanzados por los y las trabajadoras de la Secci\u00f3n 394 de Ciclo Corto, as\u00ed como los de IBT y Billeteras, que libremente han decidido llegar a un acuerdo mayoritario para implantar el escalaf\u00f3n rotativo, nadie debe poner palos en las ruedas a las conquistas alcanzadas, encaminadas a fomentar el compa\u00f1erismo y que celebramos como si fueran nuestra.<\/p>\n\n\n\n<p><strong>ASAMBLEA MENSUAL DE SOLIDARIDAD OBRERA<\/strong><\/p>\n\n\n\n<p>El pr\u00f3ximo mi\u00e9rcoles 24 de febrero, a las 10:00 y 17:30 h., celebraremos la Asamblea General Mensual de forma telem\u00e1tica debido a la pandemia Covid-19. Enviaremos enlace zoom por email y en los grupos de WhatsApp. Trataremos todos los temas de actualidad en Metro, en las negociaciones de convenio colectivo, amianto, seguridad y salud, jur\u00eddica, elecci\u00f3n delegadxs de marzo\u2026 y tambi\u00e9n los temas generales que nos afectan como clase a nivel general (movilizaciones en defensa de la sanidad p\u00fablica, antifascistas&#8230;)<\/p>\n\n\n\n<p>Madrid a 17 de febrero de 2021<\/p>\n\n\n\n<p>Por Solidaridad Obrera<\/p>\n\n\n\n<p>La Junta Sindical<\/p>\n","protected":false},"excerpt":{"rendered":"<p>MISMA CATEGOR\u00cdA IGUALES DERECHOS El pasado 1 de febrero, los compa\u00f1eros y compa\u00f1era de la secci\u00f3n 394 (Valdecarros-Hortaleza) del Servicio de Mantenimiento de Ciclo Corto, dieron entrada en el Comit\u00e9 [&hellip;]<\/p>\n","protected":false},"author":4,"featured_media":0,"comment_status":"open","ping_status":"open","sticky":false,"template":"","format":"standard","meta":{"postBodyCss":"","postBodyMargin":[],"postBodyPadding":[],"postBodyBackground":{"backgroundType":"classic","gradient":""},"ngg_post_thumbnail":0,"footnotes":""},"categories":[663],"tags":[],"class_list":["post-9074","post","type-post","status-publish","format-standard","hentry","category-avisos-para-los-trabajadores-de-metro-de-madrid-2021"],"yoast_head":"<!-- This site is optimized with the Yoast SEO plugin v27.5 - https:\/\/yoast.com\/product\/yoast-seo-wordpress\/ -->\n<title>AVISO 13\/2021 METROMADRID \u2013 MISMA CATEGOR\u00cdA IGUALES DERECHOS - CONFEDERACI\u00d3N SOLIDARIDAD OBRERA<\/title>\n<meta name=\"robots\" content=\"index, follow, max-snippet:-1, max-image-preview:large, max-video-preview:-1\" \/>\n<link rel=\"canonical\" href=\"https:\/\/www.solidaridadobrera.org\/confederal\/2021\/02\/19\/aviso-13-2021-misma-categoria-iguales-derechos\/\" \/>\n<meta property=\"og:locale\" content=\"es_ES\" \/>\n<meta property=\"og:type\" content=\"article\" \/>\n<meta property=\"og:title\" content=\"AVISO 13\/2021 METROMADRID \u2013 MISMA CATEGOR\u00cdA IGUALES DERECHOS - CONFEDERACI\u00d3N SOLIDARIDAD OBRERA\" \/>\n<meta property=\"og:description\" content=\"MISMA CATEGOR\u00cdA IGUALES DERECHOS El pasado 1 de febrero, los compa\u00f1eros y compa\u00f1era de la secci\u00f3n 394 (Valdecarros-Hortaleza) del Servicio de Mantenimiento de Ciclo Corto, dieron entrada en el Comit\u00e9 [&hellip;]\" \/>\n<meta property=\"og:url\" content=\"https:\/\/www.solidaridadobrera.org\/confederal\/2021\/02\/19\/aviso-13-2021-misma-categoria-iguales-derechos\/\" \/>\n<meta property=\"og:site_name\" content=\"CONFEDERACI\u00d3N SOLIDARIDAD OBRERA\" \/>\n<meta property=\"article:publisher\" content=\"https:\/\/es-es.facebook.com\/Soliobrera\" \/>\n<meta property=\"article:published_time\" content=\"2021-02-19T11:09:45+00:00\" \/>\n<meta property=\"article:modified_time\" content=\"2021-02-26T13:51:49+00:00\" \/>\n<meta name=\"author\" content=\"Seccion Metro de Madrid\" \/>\n<meta name=\"twitter:card\" content=\"summary_large_image\" \/>\n<meta name=\"twitter:label1\" content=\"Escrito por\" \/>\n\t<meta name=\"twitter:data1\" content=\"Seccion Metro de Madrid\" \/>\n\t<meta name=\"twitter:label2\" content=\"Tiempo de lectura\" \/>\n\t<meta name=\"twitter:data2\" content=\"4 minutos\" \/>\n<script type=\"application\/ld+json\" class=\"yoast-schema-graph\">{\"@context\":\"https:\\\/\\\/schema.org\",\"@graph\":[{\"@type\":\"Article\",\"@id\":\"https:\\\/\\\/www.solidaridadobrera.org\\\/confederal\\\/2021\\\/02\\\/19\\\/aviso-13-2021-misma-categoria-iguales-derechos\\\/#article\",\"isPartOf\":{\"@id\":\"https:\\\/\\\/www.solidaridadobrera.org\\\/confederal\\\/2021\\\/02\\\/19\\\/aviso-13-2021-misma-categoria-iguales-derechos\\\/\"},\"author\":{\"name\":\"Seccion Metro de Madrid\",\"@id\":\"https:\\\/\\\/www.solidaridadobrera.org\\\/confederal\\\/#\\\/schema\\\/person\\\/a43d602d56a78f576b9d9efe2a596475\"},\"headline\":\"AVISO 13\\\/2021 METROMADRID \u2013 MISMA CATEGOR\u00cdA IGUALES DERECHOS\",\"datePublished\":\"2021-02-19T11:09:45+00:00\",\"dateModified\":\"2021-02-26T13:51:49+00:00\",\"mainEntityOfPage\":{\"@id\":\"https:\\\/\\\/www.solidaridadobrera.org\\\/confederal\\\/2021\\\/02\\\/19\\\/aviso-13-2021-misma-categoria-iguales-derechos\\\/\"},\"wordCount\":790,\"commentCount\":0,\"publisher\":{\"@id\":\"https:\\\/\\\/www.solidaridadobrera.org\\\/confederal\\\/#organization\"},\"articleSection\":[\"Avisos para los Trabajadores de Metro de Madrid 2021\"],\"inLanguage\":\"es\",\"potentialAction\":[{\"@type\":\"CommentAction\",\"name\":\"Comment\",\"target\":[\"https:\\\/\\\/www.solidaridadobrera.org\\\/confederal\\\/2021\\\/02\\\/19\\\/aviso-13-2021-misma-categoria-iguales-derechos\\\/#respond\"]}]},{\"@type\":\"WebPage\",\"@id\":\"https:\\\/\\\/www.solidaridadobrera.org\\\/confederal\\\/2021\\\/02\\\/19\\\/aviso-13-2021-misma-categoria-iguales-derechos\\\/\",\"url\":\"https:\\\/\\\/www.solidaridadobrera.org\\\/confederal\\\/2021\\\/02\\\/19\\\/aviso-13-2021-misma-categoria-iguales-derechos\\\/\",\"name\":\"AVISO 13\\\/2021 METROMADRID \u2013 MISMA CATEGOR\u00cdA IGUALES DERECHOS - CONFEDERACI\u00d3N SOLIDARIDAD OBRERA\",\"isPartOf\":{\"@id\":\"https:\\\/\\\/www.solidaridadobrera.org\\\/confederal\\\/#website\"},\"datePublished\":\"2021-02-19T11:09:45+00:00\",\"dateModified\":\"2021-02-26T13:51:49+00:00\",\"breadcrumb\":{\"@id\":\"https:\\\/\\\/www.solidaridadobrera.org\\\/confederal\\\/2021\\\/02\\\/19\\\/aviso-13-2021-misma-categoria-iguales-derechos\\\/#breadcrumb\"},\"inLanguage\":\"es\",\"potentialAction\":[{\"@type\":\"ReadAction\",\"target\":[\"https:\\\/\\\/www.solidaridadobrera.org\\\/confederal\\\/2021\\\/02\\\/19\\\/aviso-13-2021-misma-categoria-iguales-derechos\\\/\"]}]},{\"@type\":\"BreadcrumbList\",\"@id\":\"https:\\\/\\\/www.solidaridadobrera.org\\\/confederal\\\/2021\\\/02\\\/19\\\/aviso-13-2021-misma-categoria-iguales-derechos\\\/#breadcrumb\",\"itemListElement\":[{\"@type\":\"ListItem\",\"position\":1,\"name\":\"Portada\",\"item\":\"https:\\\/\\\/www.solidaridadobrera.org\\\/confederal\\\/\"},{\"@type\":\"ListItem\",\"position\":2,\"name\":\"AVISO 13\\\/2021 METROMADRID \u2013 MISMA CATEGOR\u00cdA IGUALES DERECHOS\"}]},{\"@type\":\"WebSite\",\"@id\":\"https:\\\/\\\/www.solidaridadobrera.org\\\/confederal\\\/#website\",\"url\":\"https:\\\/\\\/www.solidaridadobrera.org\\\/confederal\\\/\",\"name\":\"SOLIDARIDAD OBRERA\",\"description\":\"Confederaci\u00f3n Anarcosindicalista. La lucha es el \u00fanico camino.\",\"publisher\":{\"@id\":\"https:\\\/\\\/www.solidaridadobrera.org\\\/confederal\\\/#organization\"},\"potentialAction\":[{\"@type\":\"SearchAction\",\"target\":{\"@type\":\"EntryPoint\",\"urlTemplate\":\"https:\\\/\\\/www.solidaridadobrera.org\\\/confederal\\\/?s={search_term_string}\"},\"query-input\":{\"@type\":\"PropertyValueSpecification\",\"valueRequired\":true,\"valueName\":\"search_term_string\"}}],\"inLanguage\":\"es\"},{\"@type\":\"Organization\",\"@id\":\"https:\\\/\\\/www.solidaridadobrera.org\\\/confederal\\\/#organization\",\"name\":\"Solidaridad Obrera\",\"url\":\"https:\\\/\\\/www.solidaridadobrera.org\\\/confederal\\\/\",\"logo\":{\"@type\":\"ImageObject\",\"inLanguage\":\"es\",\"@id\":\"https:\\\/\\\/www.solidaridadobrera.org\\\/confederal\\\/#\\\/schema\\\/logo\\\/image\\\/\",\"url\":\"https:\\\/\\\/www.solidaridadobrera.org\\\/confederal\\\/wp-content\\\/uploads\\\/2021\\\/07\\\/logo_soli_web.png\",\"contentUrl\":\"https:\\\/\\\/www.solidaridadobrera.org\\\/confederal\\\/wp-content\\\/uploads\\\/2021\\\/07\\\/logo_soli_web.png\",\"width\":1181,\"height\":1181,\"caption\":\"Solidaridad Obrera\"},\"image\":{\"@id\":\"https:\\\/\\\/www.solidaridadobrera.org\\\/confederal\\\/#\\\/schema\\\/logo\\\/image\\\/\"},\"sameAs\":[\"https:\\\/\\\/es-es.facebook.com\\\/Soliobrera\",\"https:\\\/\\\/www.instagram.com\\\/soliobrera\\\/\",\"https:\\\/\\\/web.telegram.org\\\/a\\\/#-1001124968543\"]},{\"@type\":\"Person\",\"@id\":\"https:\\\/\\\/www.solidaridadobrera.org\\\/confederal\\\/#\\\/schema\\\/person\\\/a43d602d56a78f576b9d9efe2a596475\",\"name\":\"Seccion Metro de Madrid\",\"image\":{\"@type\":\"ImageObject\",\"inLanguage\":\"es\",\"@id\":\"https:\\\/\\\/secure.gravatar.com\\\/avatar\\\/007cefbbc527a2d7a463774093b487ff41706952d3cbd0489c0a7d50e2265741?s=96&d=mm&r=g\",\"url\":\"https:\\\/\\\/secure.gravatar.com\\\/avatar\\\/007cefbbc527a2d7a463774093b487ff41706952d3cbd0489c0a7d50e2265741?s=96&d=mm&r=g\",\"contentUrl\":\"https:\\\/\\\/secure.gravatar.com\\\/avatar\\\/007cefbbc527a2d7a463774093b487ff41706952d3cbd0489c0a7d50e2265741?s=96&d=mm&r=g\",\"caption\":\"Seccion Metro de Madrid\"},\"url\":\"https:\\\/\\\/www.solidaridadobrera.org\\\/confederal\\\/author\\\/seccion-metro-de-madrid\\\/\"}]}<\/script>\n<!-- \/ Yoast SEO plugin. -->","yoast_head_json":{"title":"AVISO 13\/2021 METROMADRID \u2013 MISMA CATEGOR\u00cdA IGUALES DERECHOS - CONFEDERACI\u00d3N SOLIDARIDAD OBRERA","robots":{"index":"index","follow":"follow","max-snippet":"max-snippet:-1","max-image-preview":"max-image-preview:large","max-video-preview":"max-video-preview:-1"},"canonical":"https:\/\/www.solidaridadobrera.org\/confederal\/2021\/02\/19\/aviso-13-2021-misma-categoria-iguales-derechos\/","og_locale":"es_ES","og_type":"article","og_title":"AVISO 13\/2021 METROMADRID \u2013 MISMA CATEGOR\u00cdA IGUALES DERECHOS - CONFEDERACI\u00d3N SOLIDARIDAD OBRERA","og_description":"MISMA CATEGOR\u00cdA IGUALES DERECHOS El pasado 1 de febrero, los compa\u00f1eros y compa\u00f1era de la secci\u00f3n 394 (Valdecarros-Hortaleza) del Servicio de Mantenimiento de Ciclo Corto, dieron entrada en el Comit\u00e9 [&hellip;]","og_url":"https:\/\/www.solidaridadobrera.org\/confederal\/2021\/02\/19\/aviso-13-2021-misma-categoria-iguales-derechos\/","og_site_name":"CONFEDERACI\u00d3N SOLIDARIDAD OBRERA","article_publisher":"https:\/\/es-es.facebook.com\/Soliobrera","article_published_time":"2021-02-19T11:09:45+00:00","article_modified_time":"2021-02-26T13:51:49+00:00","author":"Seccion Metro de Madrid","twitter_card":"summary_large_image","twitter_misc":{"Escrito por":"Seccion Metro de Madrid","Tiempo de lectura":"4 minutos"},"schema":{"@context":"https:\/\/schema.org","@graph":[{"@type":"Article","@id":"https:\/\/www.solidaridadobrera.org\/confederal\/2021\/02\/19\/aviso-13-2021-misma-categoria-iguales-derechos\/#article","isPartOf":{"@id":"https:\/\/www.solidaridadobrera.org\/confederal\/2021\/02\/19\/aviso-13-2021-misma-categoria-iguales-derechos\/"},"author":{"name":"Seccion Metro de Madrid","@id":"https:\/\/www.solidaridadobrera.org\/confederal\/#\/schema\/person\/a43d602d56a78f576b9d9efe2a596475"},"headline":"AVISO 13\/2021 METROMADRID \u2013 MISMA CATEGOR\u00cdA IGUALES DERECHOS","datePublished":"2021-02-19T11:09:45+00:00","dateModified":"2021-02-26T13:51:49+00:00","mainEntityOfPage":{"@id":"https:\/\/www.solidaridadobrera.org\/confederal\/2021\/02\/19\/aviso-13-2021-misma-categoria-iguales-derechos\/"},"wordCount":790,"commentCount":0,"publisher":{"@id":"https:\/\/www.solidaridadobrera.org\/confederal\/#organization"},"articleSection":["Avisos para los Trabajadores de Metro de Madrid 2021"],"inLanguage":"es","potentialAction":[{"@type":"CommentAction","name":"Comment","target":["https:\/\/www.solidaridadobrera.org\/confederal\/2021\/02\/19\/aviso-13-2021-misma-categoria-iguales-derechos\/#respond"]}]},{"@type":"WebPage","@id":"https:\/\/www.solidaridadobrera.org\/confederal\/2021\/02\/19\/aviso-13-2021-misma-categoria-iguales-derechos\/","url":"https:\/\/www.solidaridadobrera.org\/confederal\/2021\/02\/19\/aviso-13-2021-misma-categoria-iguales-derechos\/","name":"AVISO 13\/2021 METROMADRID \u2013 MISMA CATEGOR\u00cdA IGUALES DERECHOS - CONFEDERACI\u00d3N SOLIDARIDAD OBRERA","isPartOf":{"@id":"https:\/\/www.solidaridadobrera.org\/confederal\/#website"},"datePublished":"2021-02-19T11:09:45+00:00","dateModified":"2021-02-26T13:51:49+00:00","breadcrumb":{"@id":"https:\/\/www.solidaridadobrera.org\/confederal\/2021\/02\/19\/aviso-13-2021-misma-categoria-iguales-derechos\/#breadcrumb"},"inLanguage":"es","potentialAction":[{"@type":"ReadAction","target":["https:\/\/www.solidaridadobrera.org\/confederal\/2021\/02\/19\/aviso-13-2021-misma-categoria-iguales-derechos\/"]}]},{"@type":"BreadcrumbList","@id":"https:\/\/www.solidaridadobrera.org\/confederal\/2021\/02\/19\/aviso-13-2021-misma-categoria-iguales-derechos\/#breadcrumb","itemListElement":[{"@type":"ListItem","position":1,"name":"Portada","item":"https:\/\/www.solidaridadobrera.org\/confederal\/"},{"@type":"ListItem","position":2,"name":"AVISO 13\/2021 METROMADRID \u2013 MISMA CATEGOR\u00cdA IGUALES DERECHOS"}]},{"@type":"WebSite","@id":"https:\/\/www.solidaridadobrera.org\/confederal\/#website","url":"https:\/\/www.solidaridadobrera.org\/confederal\/","name":"SOLIDARIDAD OBRERA","description":"Confederaci\u00f3n Anarcosindicalista. La lucha es el \u00fanico camino.","publisher":{"@id":"https:\/\/www.solidaridadobrera.org\/confederal\/#organization"},"potentialAction":[{"@type":"SearchAction","target":{"@type":"EntryPoint","urlTemplate":"https:\/\/www.solidaridadobrera.org\/confederal\/?s={search_term_string}"},"query-input":{"@type":"PropertyValueSpecification","valueRequired":true,"valueName":"search_term_string"}}],"inLanguage":"es"},{"@type":"Organization","@id":"https:\/\/www.solidaridadobrera.org\/confederal\/#organization","name":"Solidaridad Obrera","url":"https:\/\/www.solidaridadobrera.org\/confederal\/","logo":{"@type":"ImageObject","inLanguage":"es","@id":"https:\/\/www.solidaridadobrera.org\/confederal\/#\/schema\/logo\/image\/","url":"https:\/\/www.solidaridadobrera.org\/confederal\/wp-content\/uploads\/2021\/07\/logo_soli_web.png","contentUrl":"https:\/\/www.solidaridadobrera.org\/confederal\/wp-content\/uploads\/2021\/07\/logo_soli_web.png","width":1181,"height":1181,"caption":"Solidaridad Obrera"},"image":{"@id":"https:\/\/www.solidaridadobrera.org\/confederal\/#\/schema\/logo\/image\/"},"sameAs":["https:\/\/es-es.facebook.com\/Soliobrera","https:\/\/www.instagram.com\/soliobrera\/","https:\/\/web.telegram.org\/a\/#-1001124968543"]},{"@type":"Person","@id":"https:\/\/www.solidaridadobrera.org\/confederal\/#\/schema\/person\/a43d602d56a78f576b9d9efe2a596475","name":"Seccion Metro de Madrid","image":{"@type":"ImageObject","inLanguage":"es","@id":"https:\/\/secure.gravatar.com\/avatar\/007cefbbc527a2d7a463774093b487ff41706952d3cbd0489c0a7d50e2265741?s=96&d=mm&r=g","url":"https:\/\/secure.gravatar.com\/avatar\/007cefbbc527a2d7a463774093b487ff41706952d3cbd0489c0a7d50e2265741?s=96&d=mm&r=g","contentUrl":"https:\/\/secure.gravatar.com\/avatar\/007cefbbc527a2d7a463774093b487ff41706952d3cbd0489c0a7d50e2265741?s=96&d=mm&r=g","caption":"Seccion Metro de Madrid"},"url":"https:\/\/www.solidaridadobrera.org\/confederal\/author\/seccion-metro-de-madrid\/"}]}},"_links":{"self":[{"href":"https:\/\/www.solidaridadobrera.org\/confederal\/wp-json\/wp\/v2\/posts\/9074","targetHints":{"allow":["GET"]}}],"collection":[{"href":"https:\/\/www.solidaridadobrera.org\/confederal\/wp-json\/wp\/v2\/posts"}],"about":[{"href":"https:\/\/www.solidaridadobrera.org\/confederal\/wp-json\/wp\/v2\/types\/post"}],"author":[{"embeddable":true,"href":"https:\/\/www.solidaridadobrera.org\/confederal\/wp-json\/wp\/v2\/users\/4"}],"replies":[{"embeddable":true,"href":"https:\/\/www.solidaridadobrera.org\/confederal\/wp-json\/wp\/v2\/comments?post=9074"}],"version-history":[{"count":2,"href":"https:\/\/www.solidaridadobrera.org\/confederal\/wp-json\/wp\/v2\/posts\/9074\/revisions"}],"predecessor-version":[{"id":9085,"href":"https:\/\/www.solidaridadobrera.org\/confederal\/wp-json\/wp\/v2\/posts\/9074\/revisions\/9085"}],"wp:attachment":[{"href":"https:\/\/www.solidaridadobrera.org\/confederal\/wp-json\/wp\/v2\/media?parent=9074"}],"wp:term":[{"taxonomy":"category","embeddable":true,"href":"https:\/\/www.solidaridadobrera.org\/confederal\/wp-json\/wp\/v2\/categories?post=9074"},{"taxonomy":"post_tag","embeddable":true,"href":"https:\/\/www.solidaridadobrera.org\/confederal\/wp-json\/wp\/v2\/tags?post=9074"}],"curies":[{"name":"wp","href":"https:\/\/api.w.org\/{rel}","templated":true}]}}