{"id":8576,"date":"2020-09-19T13:00:27","date_gmt":"2020-09-19T13:00:27","guid":{"rendered":"https:\/\/www.solidaridadobrera.org\/confederal\/?p=8576"},"modified":"2020-09-19T13:00:33","modified_gmt":"2020-09-19T13:00:33","slug":"contra-la-segregacion-mas-sanidad-mas-ensenanza-y-mas-transporte-publicos","status":"publish","type":"post","link":"https:\/\/www.solidaridadobrera.org\/confederal\/2020\/09\/19\/contra-la-segregacion-mas-sanidad-mas-ensenanza-y-mas-transporte-publicos\/","title":{"rendered":"CONTRA LA SEGREGACI\u00d3N M\u00c1S SANIDAD, M\u00c1S ENSE\u00d1ANZA Y M\u00c1S TRANSPORTE: P\u00daBLICOS"},"content":{"rendered":"\n<div class=\"wp-block-file\"><a href=\"https:\/\/www.solidaridadobrera.org\/confederal\/wp-content\/uploads\/2020\/09\/contra_segregacion_bloque.pdf\">contra_segregacion_bloque<\/a><a href=\"https:\/\/www.solidaridadobrera.org\/confederal\/wp-content\/uploads\/2020\/09\/contra_segregacion_bloque.pdf\" class=\"wp-block-file__button\" download>Descarga<\/a><\/div>\n\n\n\n<p>Ante la nueva ocurrencia de la Comunidad de Madrid, que afirma querer confinar o restringir los movimientos a los barrios obreros del sur, desde el Bloque Combativo y de Clase queremos denunciar que es una acci\u00f3n pol\u00edtica segregacionista que no tiene cabida en un estado de derecho.<\/p>\n\n\n\n<p>Teniendo en cuenta en primer lugar que hace ya varias semanas sindicatos y vecinos venimos denunciando el cierre y la falta de personal m\u00e9dico en centros de Atenci\u00f3n Primaria. Tambi\u00e9n se ha denunciado en todos los \u00e1mbitos la falta de personal de profesores, enfermeros y personal de limpieza en colegios e institutos. A ello se le suma el abandono y la falta de personal y medios en el transporte p\u00fablico, lo cual contrasta con la libertad de ir a trabajar a pesar de que no haya garant\u00edas sanitarias.<\/p>\n\n\n\n<p>Por otra parte, la pol\u00edtica de ataques continuados se est\u00e1 cebando tambi\u00e9n con los jubilados y pensionistas, que han sufrido recortes en su poder adquisitivo adem\u00e1s de falta de garant\u00edas sanitarias que han condenado a sufrir agravamiento de la enfermedad y en muchos casos la muerte.<\/p>\n\n\n\n<p>Dice la presidenta de la Comunidad, Ayuso, que esta medida se debe al modo de vida de los barrios obreros, cargando contra los vecinos y vecinas de nuestros barrios. Se\u00f1ala de manera racista y xen\u00f3foba a la poblaci\u00f3n migrante como responsables del aumento de los contagios. Sus acusaciones son dignas del gobierno fascista al que representa (PP-Cs + Vox) en donde el odio al pobre y la pleites\u00eda hacia los ricos y sus empresas privadas est\u00e1 a la orden del d\u00eda. Donde su racismo es capaz de tildar de estilo de vida la pobreza, la precariedad laboral, el hacinamiento; evadiendo la responsabilidad institucional sobre el abandono y la falta de recursos p\u00fablicos, destinados hacia la mejora de la calidad de vida y dignidad de todos los vecinos y vecinas de los barrios m\u00e1s populares de Madrid.<\/p>\n\n\n\n<p>Pero si Ayuso y sus c\u00f3mplices pretenden hacernos cargar con sus desprop\u00f3sitos y su conducta criminal, pueden estar seguros de que no nos quedaremos aislados y mudos. La principal causa de contagio no est\u00e1 en nuestras calles y plazas, nuestros parques y comercios no son lugares desde donde se extiende la plaga de por s\u00ed. La zona cero est\u00e1 en la Puerta del Sol, en la antigua DGS, est\u00e1 en apartamentos de lujo cedidos por empresarios corruptos.<\/p>\n\n\n\n<p>No en vano, adem\u00e1s de la venta escandalosa de la vivienda de protecci\u00f3n p\u00fablica a los \u201cfondos buitre\u201d, promovida por el Ayuntamiento y la Comunidad de Madrid para beneficio privado; durante las \u00faltimas semanas no han cesado los desahucios en nuestros barrios, a ninguna instituci\u00f3n le interesa abordar soluciones para la problem\u00e1tica de la vivienda. Todo lo contrario, han reforzado una campa\u00f1a medi\u00e1tica anti-okupaci\u00f3n promovida por las empresas de seguridad Securitas y Prosegur (alarmas)<\/p>\n\n\n\n<p>No queremos m\u00e1s represi\u00f3n, persecuci\u00f3n y ataques racistas de mano de las fuerzas y cuerpos de seguridad del estado, queremos que se respete nuestra dignidad, nuestros derechos y libertades. No vamos a permitir que mientras se persiga al pueblo trabajador, los cayetanos sigan saliendo libremente a divertirse, las empresas privadas se est\u00e9n beneficiando de esta crisis a manos llenas gracias a la caverna pol\u00edtica que gobierna Madrid, y a todas las instituciones que no ponen remedio al saqueo diario de los servicios p\u00fablicos. Adem\u00e1s de todo ello seguimos indefensos las trabajadoras y trabajadores, con el mantenimiento de las Reformas Laborales de 2010 y 2012, las reformas de las pensiones de 2011 y 2013 y el Pacto de Toledo y la falta de contundencia pol\u00edtica ante los ataques de derechos que sufrimos, con m\u00e1s virulencia en la crisis actual, y que condena a la clase obrera a m\u00e1s explotaci\u00f3n, precariedad laboral y paro.<\/p>\n\n\n\n<p>No tragamos con su doctrina del shock en nombre de una salud p\u00fablica que destruyen sistem\u00e1ticamente. Olv\u00eddense de crear guetos fascistas. Reclamamos:<\/p>\n\n\n\n<p>\u2022&nbsp;&nbsp;&nbsp;&nbsp;&nbsp;&nbsp;&nbsp;&nbsp;&nbsp;&nbsp;&nbsp;&nbsp; Abran y refuercen los centros de salud de Atenci\u00f3n Primaria, abandonando el hospital-centrismo y la cesi\u00f3n de la gesti\u00f3n a empresas privadas en todo el sistema sanitario<\/p>\n\n\n\n<p>\u2022&nbsp;&nbsp;&nbsp;&nbsp;&nbsp;&nbsp;&nbsp;&nbsp;&nbsp;&nbsp;&nbsp;&nbsp; Doten a la educaci\u00f3n p\u00fablica de los recursos necesarios para el fomento del desarrollo del alumnado, la promoci\u00f3n y prevenci\u00f3n de la salud, la seguridad de las plantillas y familias, de todas.<\/p>\n\n\n\n<p>\u2022&nbsp;&nbsp;&nbsp;&nbsp;&nbsp;&nbsp;&nbsp;&nbsp;&nbsp;&nbsp;&nbsp;&nbsp; Destinen m\u00e1s fondos al transporte p\u00fablico y al mantenimiento de los barrios. No queremos mendigar derechos y si no los tenemos los tomaremos, tenemos derecho a la vivienda del mismo modo que lo tenemos a alimentarnos.<\/p>\n\n\n\n<p>\u2022&nbsp;&nbsp;&nbsp;&nbsp;&nbsp;&nbsp;&nbsp;&nbsp;&nbsp;&nbsp;&nbsp;&nbsp; Paralicen todos los desahucios que est\u00e1n ejecutando y que tantos beneficiarios tiene como lo tienen las grandes empresas y entidades bancarias de este pa\u00eds.<\/p>\n\n\n\n<p>\u2022&nbsp;&nbsp;&nbsp;&nbsp;&nbsp;&nbsp;&nbsp;&nbsp;&nbsp;&nbsp;&nbsp;&nbsp; Que qui\u00e9nes sistem\u00e1ticamente han robado de las arcas p\u00fablicas y se han beneficiado de las grandes estructuras econ\u00f3micas del estado lo devuelvan.<\/p>\n\n\n\n<p>Por mucho que nos confinen a los barrios del sur, la clase trabajadora, en las condiciones que funciona el transporte p\u00fablico, la sanidad y los sistemas educativo y productivo va a seguir en riesgo de contagio. Si hay que luchar contra el Covid19, tendr\u00e1 que ser con medidas iguales para todas y todos.<\/p>\n\n\n\n<p>Ante el confinamiento de los barrios obreros,<\/p>\n\n\n\n<p>\u00a1Servicios p\u00fablicos y de calidad!<\/p>\n\n\n\n<p>\u00a1Dignidad y respeto para los barrios obreros!<\/p>\n\n\n\n<p>NOS TENDRAN ENFRENTE<\/p>\n\n\n\n<p>VIVA LA LUCHA DE LA CLASE OBRERA<\/p>\n","protected":false},"excerpt":{"rendered":"<p>Ante la nueva ocurrencia de la Comunidad de Madrid, que afirma querer confinar o restringir los movimientos a los barrios obreros del sur, desde el Bloque Combativo y de Clase [&hellip;]<\/p>\n","protected":false},"author":3,"featured_media":0,"comment_status":"open","ping_status":"open","sticky":false,"template":"","format":"standard","meta":{"postBodyCss":"","postBodyMargin":[],"postBodyPadding":[],"postBodyBackground":{"backgroundType":"classic","gradient":""},"ngg_post_thumbnail":0,"footnotes":""},"categories":[642],"tags":[],"class_list":["post-8576","post","type-post","status-publish","format-standard","hentry","category-bloque-combativo-y-de-clase"],"yoast_head":"<!-- This site is optimized with the Yoast SEO plugin v27.4 - https:\/\/yoast.com\/product\/yoast-seo-wordpress\/ -->\n<title>CONTRA LA SEGREGACI\u00d3N M\u00c1S SANIDAD, M\u00c1S ENSE\u00d1ANZA Y M\u00c1S TRANSPORTE: P\u00daBLICOS - CONFEDERACI\u00d3N SOLIDARIDAD OBRERA<\/title>\n<meta name=\"robots\" content=\"index, follow, max-snippet:-1, max-image-preview:large, max-video-preview:-1\" \/>\n<link rel=\"canonical\" href=\"https:\/\/www.solidaridadobrera.org\/confederal\/2020\/09\/19\/contra-la-segregacion-mas-sanidad-mas-ensenanza-y-mas-transporte-publicos\/\" \/>\n<meta property=\"og:locale\" content=\"es_ES\" \/>\n<meta property=\"og:type\" content=\"article\" \/>\n<meta property=\"og:title\" content=\"CONTRA LA SEGREGACI\u00d3N M\u00c1S SANIDAD, M\u00c1S ENSE\u00d1ANZA Y M\u00c1S TRANSPORTE: P\u00daBLICOS - CONFEDERACI\u00d3N SOLIDARIDAD OBRERA\" \/>\n<meta property=\"og:description\" content=\"Ante la nueva ocurrencia de la Comunidad de Madrid, que afirma querer confinar o restringir los movimientos a los barrios obreros del sur, desde el Bloque Combativo y de Clase [&hellip;]\" \/>\n<meta property=\"og:url\" content=\"https:\/\/www.solidaridadobrera.org\/confederal\/2020\/09\/19\/contra-la-segregacion-mas-sanidad-mas-ensenanza-y-mas-transporte-publicos\/\" \/>\n<meta property=\"og:site_name\" content=\"CONFEDERACI\u00d3N SOLIDARIDAD OBRERA\" \/>\n<meta property=\"article:publisher\" content=\"https:\/\/es-es.facebook.com\/Soliobrera\" \/>\n<meta property=\"article:published_time\" content=\"2020-09-19T13:00:27+00:00\" \/>\n<meta property=\"article:modified_time\" content=\"2020-09-19T13:00:33+00:00\" \/>\n<meta name=\"author\" content=\"S.O.\" \/>\n<meta name=\"twitter:card\" content=\"summary_large_image\" \/>\n<meta name=\"twitter:label1\" content=\"Escrito por\" \/>\n\t<meta name=\"twitter:data1\" content=\"S.O.\" \/>\n\t<meta name=\"twitter:label2\" content=\"Tiempo de lectura\" \/>\n\t<meta name=\"twitter:data2\" content=\"5 minutos\" \/>\n<script type=\"application\/ld+json\" class=\"yoast-schema-graph\">{\"@context\":\"https:\\\/\\\/schema.org\",\"@graph\":[{\"@type\":\"Article\",\"@id\":\"https:\\\/\\\/www.solidaridadobrera.org\\\/confederal\\\/2020\\\/09\\\/19\\\/contra-la-segregacion-mas-sanidad-mas-ensenanza-y-mas-transporte-publicos\\\/#article\",\"isPartOf\":{\"@id\":\"https:\\\/\\\/www.solidaridadobrera.org\\\/confederal\\\/2020\\\/09\\\/19\\\/contra-la-segregacion-mas-sanidad-mas-ensenanza-y-mas-transporte-publicos\\\/\"},\"author\":{\"name\":\"S.O.\",\"@id\":\"https:\\\/\\\/www.solidaridadobrera.org\\\/confederal\\\/#\\\/schema\\\/person\\\/1d0b5cc67a7687e43ea0ce81cc07762b\"},\"headline\":\"CONTRA LA SEGREGACI\u00d3N M\u00c1S SANIDAD, M\u00c1S ENSE\u00d1ANZA Y M\u00c1S TRANSPORTE: P\u00daBLICOS\",\"datePublished\":\"2020-09-19T13:00:27+00:00\",\"dateModified\":\"2020-09-19T13:00:33+00:00\",\"mainEntityOfPage\":{\"@id\":\"https:\\\/\\\/www.solidaridadobrera.org\\\/confederal\\\/2020\\\/09\\\/19\\\/contra-la-segregacion-mas-sanidad-mas-ensenanza-y-mas-transporte-publicos\\\/\"},\"wordCount\":1000,\"commentCount\":0,\"publisher\":{\"@id\":\"https:\\\/\\\/www.solidaridadobrera.org\\\/confederal\\\/#organization\"},\"articleSection\":[\"Bloque Combativo y de Clase\"],\"inLanguage\":\"es\",\"potentialAction\":[{\"@type\":\"CommentAction\",\"name\":\"Comment\",\"target\":[\"https:\\\/\\\/www.solidaridadobrera.org\\\/confederal\\\/2020\\\/09\\\/19\\\/contra-la-segregacion-mas-sanidad-mas-ensenanza-y-mas-transporte-publicos\\\/#respond\"]}]},{\"@type\":\"WebPage\",\"@id\":\"https:\\\/\\\/www.solidaridadobrera.org\\\/confederal\\\/2020\\\/09\\\/19\\\/contra-la-segregacion-mas-sanidad-mas-ensenanza-y-mas-transporte-publicos\\\/\",\"url\":\"https:\\\/\\\/www.solidaridadobrera.org\\\/confederal\\\/2020\\\/09\\\/19\\\/contra-la-segregacion-mas-sanidad-mas-ensenanza-y-mas-transporte-publicos\\\/\",\"name\":\"CONTRA LA SEGREGACI\u00d3N M\u00c1S SANIDAD, M\u00c1S ENSE\u00d1ANZA Y M\u00c1S TRANSPORTE: P\u00daBLICOS - CONFEDERACI\u00d3N SOLIDARIDAD OBRERA\",\"isPartOf\":{\"@id\":\"https:\\\/\\\/www.solidaridadobrera.org\\\/confederal\\\/#website\"},\"datePublished\":\"2020-09-19T13:00:27+00:00\",\"dateModified\":\"2020-09-19T13:00:33+00:00\",\"breadcrumb\":{\"@id\":\"https:\\\/\\\/www.solidaridadobrera.org\\\/confederal\\\/2020\\\/09\\\/19\\\/contra-la-segregacion-mas-sanidad-mas-ensenanza-y-mas-transporte-publicos\\\/#breadcrumb\"},\"inLanguage\":\"es\",\"potentialAction\":[{\"@type\":\"ReadAction\",\"target\":[\"https:\\\/\\\/www.solidaridadobrera.org\\\/confederal\\\/2020\\\/09\\\/19\\\/contra-la-segregacion-mas-sanidad-mas-ensenanza-y-mas-transporte-publicos\\\/\"]}]},{\"@type\":\"BreadcrumbList\",\"@id\":\"https:\\\/\\\/www.solidaridadobrera.org\\\/confederal\\\/2020\\\/09\\\/19\\\/contra-la-segregacion-mas-sanidad-mas-ensenanza-y-mas-transporte-publicos\\\/#breadcrumb\",\"itemListElement\":[{\"@type\":\"ListItem\",\"position\":1,\"name\":\"Portada\",\"item\":\"https:\\\/\\\/www.solidaridadobrera.org\\\/confederal\\\/\"},{\"@type\":\"ListItem\",\"position\":2,\"name\":\"CONTRA LA SEGREGACI\u00d3N M\u00c1S SANIDAD, M\u00c1S ENSE\u00d1ANZA Y M\u00c1S TRANSPORTE: P\u00daBLICOS\"}]},{\"@type\":\"WebSite\",\"@id\":\"https:\\\/\\\/www.solidaridadobrera.org\\\/confederal\\\/#website\",\"url\":\"https:\\\/\\\/www.solidaridadobrera.org\\\/confederal\\\/\",\"name\":\"SOLIDARIDAD OBRERA\",\"description\":\"Confederaci\u00f3n Anarcosindicalista. La lucha es el \u00fanico camino.\",\"publisher\":{\"@id\":\"https:\\\/\\\/www.solidaridadobrera.org\\\/confederal\\\/#organization\"},\"potentialAction\":[{\"@type\":\"SearchAction\",\"target\":{\"@type\":\"EntryPoint\",\"urlTemplate\":\"https:\\\/\\\/www.solidaridadobrera.org\\\/confederal\\\/?s={search_term_string}\"},\"query-input\":{\"@type\":\"PropertyValueSpecification\",\"valueRequired\":true,\"valueName\":\"search_term_string\"}}],\"inLanguage\":\"es\"},{\"@type\":\"Organization\",\"@id\":\"https:\\\/\\\/www.solidaridadobrera.org\\\/confederal\\\/#organization\",\"name\":\"Solidaridad Obrera\",\"url\":\"https:\\\/\\\/www.solidaridadobrera.org\\\/confederal\\\/\",\"logo\":{\"@type\":\"ImageObject\",\"inLanguage\":\"es\",\"@id\":\"https:\\\/\\\/www.solidaridadobrera.org\\\/confederal\\\/#\\\/schema\\\/logo\\\/image\\\/\",\"url\":\"https:\\\/\\\/www.solidaridadobrera.org\\\/confederal\\\/wp-content\\\/uploads\\\/2021\\\/07\\\/logo_soli_web.png\",\"contentUrl\":\"https:\\\/\\\/www.solidaridadobrera.org\\\/confederal\\\/wp-content\\\/uploads\\\/2021\\\/07\\\/logo_soli_web.png\",\"width\":1181,\"height\":1181,\"caption\":\"Solidaridad Obrera\"},\"image\":{\"@id\":\"https:\\\/\\\/www.solidaridadobrera.org\\\/confederal\\\/#\\\/schema\\\/logo\\\/image\\\/\"},\"sameAs\":[\"https:\\\/\\\/es-es.facebook.com\\\/Soliobrera\",\"https:\\\/\\\/www.instagram.com\\\/soliobrera\\\/\",\"https:\\\/\\\/web.telegram.org\\\/a\\\/#-1001124968543\"]},{\"@type\":\"Person\",\"@id\":\"https:\\\/\\\/www.solidaridadobrera.org\\\/confederal\\\/#\\\/schema\\\/person\\\/1d0b5cc67a7687e43ea0ce81cc07762b\",\"name\":\"S.O.\",\"image\":{\"@type\":\"ImageObject\",\"inLanguage\":\"es\",\"@id\":\"https:\\\/\\\/secure.gravatar.com\\\/avatar\\\/f428d50306ef38bf07edd4476779476fb6644d1239c4355b20775b8b86b85576?s=96&d=mm&r=g\",\"url\":\"https:\\\/\\\/secure.gravatar.com\\\/avatar\\\/f428d50306ef38bf07edd4476779476fb6644d1239c4355b20775b8b86b85576?s=96&d=mm&r=g\",\"contentUrl\":\"https:\\\/\\\/secure.gravatar.com\\\/avatar\\\/f428d50306ef38bf07edd4476779476fb6644d1239c4355b20775b8b86b85576?s=96&d=mm&r=g\",\"caption\":\"S.O.\"},\"url\":\"https:\\\/\\\/www.solidaridadobrera.org\\\/confederal\\\/author\\\/solidaridad-obrera\\\/\"}]}<\/script>\n<!-- \/ Yoast SEO plugin. -->","yoast_head_json":{"title":"CONTRA LA SEGREGACI\u00d3N M\u00c1S SANIDAD, M\u00c1S ENSE\u00d1ANZA Y M\u00c1S TRANSPORTE: P\u00daBLICOS - CONFEDERACI\u00d3N SOLIDARIDAD OBRERA","robots":{"index":"index","follow":"follow","max-snippet":"max-snippet:-1","max-image-preview":"max-image-preview:large","max-video-preview":"max-video-preview:-1"},"canonical":"https:\/\/www.solidaridadobrera.org\/confederal\/2020\/09\/19\/contra-la-segregacion-mas-sanidad-mas-ensenanza-y-mas-transporte-publicos\/","og_locale":"es_ES","og_type":"article","og_title":"CONTRA LA SEGREGACI\u00d3N M\u00c1S SANIDAD, M\u00c1S ENSE\u00d1ANZA Y M\u00c1S TRANSPORTE: P\u00daBLICOS - CONFEDERACI\u00d3N SOLIDARIDAD OBRERA","og_description":"Ante la nueva ocurrencia de la Comunidad de Madrid, que afirma querer confinar o restringir los movimientos a los barrios obreros del sur, desde el Bloque Combativo y de Clase [&hellip;]","og_url":"https:\/\/www.solidaridadobrera.org\/confederal\/2020\/09\/19\/contra-la-segregacion-mas-sanidad-mas-ensenanza-y-mas-transporte-publicos\/","og_site_name":"CONFEDERACI\u00d3N SOLIDARIDAD OBRERA","article_publisher":"https:\/\/es-es.facebook.com\/Soliobrera","article_published_time":"2020-09-19T13:00:27+00:00","article_modified_time":"2020-09-19T13:00:33+00:00","author":"S.O.","twitter_card":"summary_large_image","twitter_misc":{"Escrito por":"S.O.","Tiempo de lectura":"5 minutos"},"schema":{"@context":"https:\/\/schema.org","@graph":[{"@type":"Article","@id":"https:\/\/www.solidaridadobrera.org\/confederal\/2020\/09\/19\/contra-la-segregacion-mas-sanidad-mas-ensenanza-y-mas-transporte-publicos\/#article","isPartOf":{"@id":"https:\/\/www.solidaridadobrera.org\/confederal\/2020\/09\/19\/contra-la-segregacion-mas-sanidad-mas-ensenanza-y-mas-transporte-publicos\/"},"author":{"name":"S.O.","@id":"https:\/\/www.solidaridadobrera.org\/confederal\/#\/schema\/person\/1d0b5cc67a7687e43ea0ce81cc07762b"},"headline":"CONTRA LA SEGREGACI\u00d3N M\u00c1S SANIDAD, M\u00c1S ENSE\u00d1ANZA Y M\u00c1S TRANSPORTE: P\u00daBLICOS","datePublished":"2020-09-19T13:00:27+00:00","dateModified":"2020-09-19T13:00:33+00:00","mainEntityOfPage":{"@id":"https:\/\/www.solidaridadobrera.org\/confederal\/2020\/09\/19\/contra-la-segregacion-mas-sanidad-mas-ensenanza-y-mas-transporte-publicos\/"},"wordCount":1000,"commentCount":0,"publisher":{"@id":"https:\/\/www.solidaridadobrera.org\/confederal\/#organization"},"articleSection":["Bloque Combativo y de Clase"],"inLanguage":"es","potentialAction":[{"@type":"CommentAction","name":"Comment","target":["https:\/\/www.solidaridadobrera.org\/confederal\/2020\/09\/19\/contra-la-segregacion-mas-sanidad-mas-ensenanza-y-mas-transporte-publicos\/#respond"]}]},{"@type":"WebPage","@id":"https:\/\/www.solidaridadobrera.org\/confederal\/2020\/09\/19\/contra-la-segregacion-mas-sanidad-mas-ensenanza-y-mas-transporte-publicos\/","url":"https:\/\/www.solidaridadobrera.org\/confederal\/2020\/09\/19\/contra-la-segregacion-mas-sanidad-mas-ensenanza-y-mas-transporte-publicos\/","name":"CONTRA LA SEGREGACI\u00d3N M\u00c1S SANIDAD, M\u00c1S ENSE\u00d1ANZA Y M\u00c1S TRANSPORTE: P\u00daBLICOS - CONFEDERACI\u00d3N SOLIDARIDAD OBRERA","isPartOf":{"@id":"https:\/\/www.solidaridadobrera.org\/confederal\/#website"},"datePublished":"2020-09-19T13:00:27+00:00","dateModified":"2020-09-19T13:00:33+00:00","breadcrumb":{"@id":"https:\/\/www.solidaridadobrera.org\/confederal\/2020\/09\/19\/contra-la-segregacion-mas-sanidad-mas-ensenanza-y-mas-transporte-publicos\/#breadcrumb"},"inLanguage":"es","potentialAction":[{"@type":"ReadAction","target":["https:\/\/www.solidaridadobrera.org\/confederal\/2020\/09\/19\/contra-la-segregacion-mas-sanidad-mas-ensenanza-y-mas-transporte-publicos\/"]}]},{"@type":"BreadcrumbList","@id":"https:\/\/www.solidaridadobrera.org\/confederal\/2020\/09\/19\/contra-la-segregacion-mas-sanidad-mas-ensenanza-y-mas-transporte-publicos\/#breadcrumb","itemListElement":[{"@type":"ListItem","position":1,"name":"Portada","item":"https:\/\/www.solidaridadobrera.org\/confederal\/"},{"@type":"ListItem","position":2,"name":"CONTRA LA SEGREGACI\u00d3N M\u00c1S SANIDAD, M\u00c1S ENSE\u00d1ANZA Y M\u00c1S TRANSPORTE: P\u00daBLICOS"}]},{"@type":"WebSite","@id":"https:\/\/www.solidaridadobrera.org\/confederal\/#website","url":"https:\/\/www.solidaridadobrera.org\/confederal\/","name":"SOLIDARIDAD OBRERA","description":"Confederaci\u00f3n Anarcosindicalista. La lucha es el \u00fanico camino.","publisher":{"@id":"https:\/\/www.solidaridadobrera.org\/confederal\/#organization"},"potentialAction":[{"@type":"SearchAction","target":{"@type":"EntryPoint","urlTemplate":"https:\/\/www.solidaridadobrera.org\/confederal\/?s={search_term_string}"},"query-input":{"@type":"PropertyValueSpecification","valueRequired":true,"valueName":"search_term_string"}}],"inLanguage":"es"},{"@type":"Organization","@id":"https:\/\/www.solidaridadobrera.org\/confederal\/#organization","name":"Solidaridad Obrera","url":"https:\/\/www.solidaridadobrera.org\/confederal\/","logo":{"@type":"ImageObject","inLanguage":"es","@id":"https:\/\/www.solidaridadobrera.org\/confederal\/#\/schema\/logo\/image\/","url":"https:\/\/www.solidaridadobrera.org\/confederal\/wp-content\/uploads\/2021\/07\/logo_soli_web.png","contentUrl":"https:\/\/www.solidaridadobrera.org\/confederal\/wp-content\/uploads\/2021\/07\/logo_soli_web.png","width":1181,"height":1181,"caption":"Solidaridad Obrera"},"image":{"@id":"https:\/\/www.solidaridadobrera.org\/confederal\/#\/schema\/logo\/image\/"},"sameAs":["https:\/\/es-es.facebook.com\/Soliobrera","https:\/\/www.instagram.com\/soliobrera\/","https:\/\/web.telegram.org\/a\/#-1001124968543"]},{"@type":"Person","@id":"https:\/\/www.solidaridadobrera.org\/confederal\/#\/schema\/person\/1d0b5cc67a7687e43ea0ce81cc07762b","name":"S.O.","image":{"@type":"ImageObject","inLanguage":"es","@id":"https:\/\/secure.gravatar.com\/avatar\/f428d50306ef38bf07edd4476779476fb6644d1239c4355b20775b8b86b85576?s=96&d=mm&r=g","url":"https:\/\/secure.gravatar.com\/avatar\/f428d50306ef38bf07edd4476779476fb6644d1239c4355b20775b8b86b85576?s=96&d=mm&r=g","contentUrl":"https:\/\/secure.gravatar.com\/avatar\/f428d50306ef38bf07edd4476779476fb6644d1239c4355b20775b8b86b85576?s=96&d=mm&r=g","caption":"S.O."},"url":"https:\/\/www.solidaridadobrera.org\/confederal\/author\/solidaridad-obrera\/"}]}},"_links":{"self":[{"href":"https:\/\/www.solidaridadobrera.org\/confederal\/wp-json\/wp\/v2\/posts\/8576","targetHints":{"allow":["GET"]}}],"collection":[{"href":"https:\/\/www.solidaridadobrera.org\/confederal\/wp-json\/wp\/v2\/posts"}],"about":[{"href":"https:\/\/www.solidaridadobrera.org\/confederal\/wp-json\/wp\/v2\/types\/post"}],"author":[{"embeddable":true,"href":"https:\/\/www.solidaridadobrera.org\/confederal\/wp-json\/wp\/v2\/users\/3"}],"replies":[{"embeddable":true,"href":"https:\/\/www.solidaridadobrera.org\/confederal\/wp-json\/wp\/v2\/comments?post=8576"}],"version-history":[{"count":1,"href":"https:\/\/www.solidaridadobrera.org\/confederal\/wp-json\/wp\/v2\/posts\/8576\/revisions"}],"predecessor-version":[{"id":8578,"href":"https:\/\/www.solidaridadobrera.org\/confederal\/wp-json\/wp\/v2\/posts\/8576\/revisions\/8578"}],"wp:attachment":[{"href":"https:\/\/www.solidaridadobrera.org\/confederal\/wp-json\/wp\/v2\/media?parent=8576"}],"wp:term":[{"taxonomy":"category","embeddable":true,"href":"https:\/\/www.solidaridadobrera.org\/confederal\/wp-json\/wp\/v2\/categories?post=8576"},{"taxonomy":"post_tag","embeddable":true,"href":"https:\/\/www.solidaridadobrera.org\/confederal\/wp-json\/wp\/v2\/tags?post=8576"}],"curies":[{"name":"wp","href":"https:\/\/api.w.org\/{rel}","templated":true}]}}