{"id":8472,"date":"2020-08-11T12:17:52","date_gmt":"2020-08-11T12:17:52","guid":{"rendered":"https:\/\/www.solidaridadobrera.org\/confederal\/?p=8472"},"modified":"2020-08-18T07:03:21","modified_gmt":"2020-08-18T07:03:21","slug":"la-escandalosa-falta-de-plantilla-e-metro-de-madrid-salta-a-las-redes-sociales","status":"publish","type":"post","link":"https:\/\/www.solidaridadobrera.org\/confederal\/2020\/08\/11\/la-escandalosa-falta-de-plantilla-e-metro-de-madrid-salta-a-las-redes-sociales\/","title":{"rendered":"LA ESCANDALOSA FALTA DE PLANTILLA eN metro de madrid SALTA A LAS REDES SOCIALES"},"content":{"rendered":"\n<p>No s\u00f3lo es un esc\u00e1ndalo que el privatizador Gobierno de la Comunidad de Madrid (PP + Cs, Vox) haya entregado el servicio de rastreo del <a href=\"https:\/\/www.facebook.com\/hashtag\/covid19?__eep__=6&amp;__cft__[0]=AZVuZY5lPM_3lxhgY42aPqg0lbacY3LtF3Ed4BDJSteGeYNQRiooXByrlDwwdi4Epg0ElnvU8FR1OEHDa9CM-dPdSff5DtKxZl8fGzmqkNoJh7sXNrXzLBjYO4SESZoudYRrTwgroYUifrIm_opmK3si2ouQMgcIfOkb4XeQrdseCQ&amp;__tn__=*NK-R\">#covid19<\/a> a dedo, sin concurso ni informaci\u00f3n p\u00fablica, a la empresa Quir\u00f3n prevenci\u00f3n SL durante 3 meses con un equipo de trabajo formado por 20 auxiliares de enfermer\u00eda y 2 m\u00e9dicos con la rid\u00edcula excusa de \u201cemergencia de car\u00e1cter inaplazable\u201d, despu\u00e9s de 4 meses sin ni siquiera abrir un listado encriptado de m\u00e1s de mil m\u00e9dicos y estudiantes de \u00faltimo a\u00f1o que el Colegio de M\u00e9dicos les ofreci\u00f3 para que pudieran contratar como rastreadores personal formado. Hacen lo mismo en la Sanidad P\u00fablica, en la Ense\u00f1anza P\u00fablica y en el Transporte P\u00fablico. Ya es un aut\u00e9ntico esc\u00e1ndalo la FALTA DE PLANTILLA en Metro de Madrid: -Maquinistas: 1.677 en vez de los al menos 2.000 necesarios-Estaciones: 1.707 en vez de los 2.150 Jefes de Sector necesarios-Oficiales de Mantenimiento: 1.090 en vez de los 2.000 necesarios en Material M\u00f3vil y Mantenimiento de Instalaciones. Esta brutal carencia de plantilla no permite siquiera mantener la tabla de trenes m\u00e1s baja de todo el a\u00f1o: la tabla para el mes de agosto, que solo tiene 246 trenes en la hora punta de la ma\u00f1ana y 197 en la de la tarde. La falta de plantilla mantiene carencias de 60 a 90 trenes muchos d\u00edas, lo que genera intervalos de 10 y 12 minutos en hora punta, que favorecen las peligrosas aglomeraciones estando en plena pandemia <a href=\"https:\/\/www.facebook.com\/hashtag\/covid19?__eep__=6&amp;__cft__[0]=AZVuZY5lPM_3lxhgY42aPqg0lbacY3LtF3Ed4BDJSteGeYNQRiooXByrlDwwdi4Epg0ElnvU8FR1OEHDa9CM-dPdSff5DtKxZl8fGzmqkNoJh7sXNrXzLBjYO4SESZoudYRrTwgroYUifrIm_opmK3si2ouQMgcIfOkb4XeQrdseCQ&amp;__tn__=*NK-R\">#covid19<\/a> y con m\u00faltiples rebrotes en Madrid. Si a ello acompa\u00f1amos la falta de medidas de protecci\u00f3n, sin aforo ni distanciamiento social, el peligro se hace obsceno.Mientras, los medios de comunicaci\u00f3n del poder establecido cacarean nuevas \u201cmedidas\u201d tomadas por Metro y gobierno de la Comunidad que no sirven m\u00e1s que para darse publicidad y exponer a riesgo de contagio a m\u00e1s trabajadorxs: control autom\u00e1tico de tornos, refuerzo de personal (90 entre trabajadores de Metro y vigilantes de seguridad) para \u201cvigilar\u201d la afluencia de viajeros en varias estaciones\u2026 En vez de afrontar el problema existente, prefieren desencadenar la represi\u00f3n y persecuci\u00f3n sindical contra quienes defendemos la protecci\u00f3n de trabajadorxs y viajerxs. Si a ello sumamos el fiasco del casi acuerdo del nuevo Calendario de Descansos de Maquinistas, la resoluci\u00f3n de Inspecci\u00f3n de Trabajo favorable a que el colectivo de Maquinistas entre en Vigilancia Sanitaria por exposici\u00f3n al Amianto, tal como ven\u00edamos reclamando todos los sindicatos y la empresa negaba obstinadamente&#8230; etc. Desde Solidaridad Obrera no vamos a bajar la presi\u00f3n, todo lo contrario, exigimos la retirada inmediata de sanciones y expedientes disciplinarios. Exigimos el ingreso inmediato de los 345 maquinistas de la Bolsa y las convocatorias de nuevo ingreso para oficiales de mantenimientos y estaciones. Exigimos la internalizaci\u00f3n de trabajos y la absorci\u00f3n del personal de limpieza y el dimensionamiento del mismo para la nueva realidad que el Covid19 ha impuesto.Estamos en a\u00f1o de negociaci\u00f3n de convenio colectivo y vamos a mantener el nivel reivindicativo en cuanto a salarios, derechos, condiciones de trabajo y protecci\u00f3n de la salud. Resignarse no es opci\u00f3n. No hay otro camino que la organizaci\u00f3n y la lucha unitaria. No hay salidas individuales. O ganamos todxs o no ganamos ningunx.<\/p>\n\n\n\n<p class=\"has-text-align-right\">Madrid, 11 de agosto de 2020<\/p>\n\n\n\n<p class=\"has-text-align-right\">Por Solidaridad ObreraLA JUNTA SINDICAL<\/p>\n\n\n\n<p>ALIMENTOS PARA PARADXS. Volvemos a las entregas f\u00edsicas de alimentos y material de higiene, pues as\u00ed nos lo ha pedido la Plataforma de Parados y Precarios de San Blas-Canillejas, una vez que han dejado de hacer men\u00fas diarios y vuelven a las cestas individuales para familias sin recursos.A partir de la pr\u00f3xima semana haremos entregas semanales de los alimentos y material de higiene que m\u00e1s necesiten de igual manera como lo ven\u00edamos haciendo antes de la pandemia del Covid19. Por nuestra parte seguiremos llamando a todas las trabajadoras y trabajadores, especialmente a nuestra afiliaci\u00f3n, a hacer donaciones para ALIMENTOS PARA PARADXS o bien en mano en el local de la Secci\u00f3n o bien por transferencia a la cuenta:<\/p>\n\n\n\n<p>ES31 2038 1807 1060 0061 6942<\/p>\n\n\n\n<p>Pr\u00e1ctica la solidaridad de clase<\/p>\n","protected":false},"excerpt":{"rendered":"<p>No s\u00f3lo es un esc\u00e1ndalo que el privatizador Gobierno de la Comunidad de Madrid (PP + Cs, Vox) haya entregado el servicio de rastreo del #covid19 a dedo, sin concurso [&hellip;]<\/p>\n","protected":false},"author":14,"featured_media":0,"comment_status":"open","ping_status":"open","sticky":false,"template":"","format":"standard","meta":{"postBodyCss":"","postBodyMargin":[],"postBodyPadding":[],"postBodyBackground":{"backgroundType":"classic","gradient":""},"ngg_post_thumbnail":0,"footnotes":""},"categories":[635,162],"tags":[],"class_list":["post-8472","post","type-post","status-publish","format-standard","hentry","category-2020-avisos-sindicales-semanales-en-metro-de-madrid","category-difusion-y-movilizaciones-difusion-y-movilizaciones"],"yoast_head":"<!-- This site is optimized with the Yoast SEO plugin v27.5 - https:\/\/yoast.com\/product\/yoast-seo-wordpress\/ -->\n<title>LA ESCANDALOSA FALTA DE PLANTILLA eN metro de madrid SALTA A LAS REDES SOCIALES - CONFEDERACI\u00d3N SOLIDARIDAD OBRERA<\/title>\n<meta name=\"robots\" content=\"index, follow, max-snippet:-1, max-image-preview:large, max-video-preview:-1\" \/>\n<link rel=\"canonical\" href=\"https:\/\/www.solidaridadobrera.org\/confederal\/2020\/08\/11\/la-escandalosa-falta-de-plantilla-e-metro-de-madrid-salta-a-las-redes-sociales\/\" \/>\n<meta property=\"og:locale\" content=\"es_ES\" \/>\n<meta property=\"og:type\" content=\"article\" \/>\n<meta property=\"og:title\" content=\"LA ESCANDALOSA FALTA DE PLANTILLA eN metro de madrid SALTA A LAS REDES SOCIALES - CONFEDERACI\u00d3N SOLIDARIDAD OBRERA\" \/>\n<meta property=\"og:description\" content=\"No s\u00f3lo es un esc\u00e1ndalo que el privatizador Gobierno de la Comunidad de Madrid (PP + Cs, Vox) haya entregado el servicio de rastreo del #covid19 a dedo, sin concurso [&hellip;]\" \/>\n<meta property=\"og:url\" content=\"https:\/\/www.solidaridadobrera.org\/confederal\/2020\/08\/11\/la-escandalosa-falta-de-plantilla-e-metro-de-madrid-salta-a-las-redes-sociales\/\" \/>\n<meta property=\"og:site_name\" content=\"CONFEDERACI\u00d3N SOLIDARIDAD OBRERA\" \/>\n<meta property=\"article:publisher\" content=\"https:\/\/es-es.facebook.com\/Soliobrera\" \/>\n<meta property=\"article:published_time\" content=\"2020-08-11T12:17:52+00:00\" \/>\n<meta property=\"article:modified_time\" content=\"2020-08-18T07:03:21+00:00\" \/>\n<meta name=\"author\" content=\"Crescencio Carretero\" \/>\n<meta name=\"twitter:card\" content=\"summary_large_image\" \/>\n<meta name=\"twitter:label1\" content=\"Escrito por\" \/>\n\t<meta name=\"twitter:data1\" content=\"Crescencio Carretero\" \/>\n\t<meta name=\"twitter:label2\" content=\"Tiempo de lectura\" \/>\n\t<meta name=\"twitter:data2\" content=\"4 minutos\" \/>\n<script type=\"application\/ld+json\" class=\"yoast-schema-graph\">{\"@context\":\"https:\\\/\\\/schema.org\",\"@graph\":[{\"@type\":\"Article\",\"@id\":\"https:\\\/\\\/www.solidaridadobrera.org\\\/confederal\\\/2020\\\/08\\\/11\\\/la-escandalosa-falta-de-plantilla-e-metro-de-madrid-salta-a-las-redes-sociales\\\/#article\",\"isPartOf\":{\"@id\":\"https:\\\/\\\/www.solidaridadobrera.org\\\/confederal\\\/2020\\\/08\\\/11\\\/la-escandalosa-falta-de-plantilla-e-metro-de-madrid-salta-a-las-redes-sociales\\\/\"},\"author\":{\"name\":\"Crescencio Carretero\",\"@id\":\"https:\\\/\\\/www.solidaridadobrera.org\\\/confederal\\\/#\\\/schema\\\/person\\\/ed9fab2d430bbb757c07771d4bd03241\"},\"headline\":\"LA ESCANDALOSA FALTA DE PLANTILLA eN metro de madrid SALTA A LAS REDES SOCIALES\",\"datePublished\":\"2020-08-11T12:17:52+00:00\",\"dateModified\":\"2020-08-18T07:03:21+00:00\",\"mainEntityOfPage\":{\"@id\":\"https:\\\/\\\/www.solidaridadobrera.org\\\/confederal\\\/2020\\\/08\\\/11\\\/la-escandalosa-falta-de-plantilla-e-metro-de-madrid-salta-a-las-redes-sociales\\\/\"},\"wordCount\":715,\"commentCount\":0,\"publisher\":{\"@id\":\"https:\\\/\\\/www.solidaridadobrera.org\\\/confederal\\\/#organization\"},\"articleSection\":[\"Avisos para los Trabajadores de Metro de Madrid 2020\",\"Difusi\u00f3n y Movilizaciones\"],\"inLanguage\":\"es\",\"potentialAction\":[{\"@type\":\"CommentAction\",\"name\":\"Comment\",\"target\":[\"https:\\\/\\\/www.solidaridadobrera.org\\\/confederal\\\/2020\\\/08\\\/11\\\/la-escandalosa-falta-de-plantilla-e-metro-de-madrid-salta-a-las-redes-sociales\\\/#respond\"]}]},{\"@type\":\"WebPage\",\"@id\":\"https:\\\/\\\/www.solidaridadobrera.org\\\/confederal\\\/2020\\\/08\\\/11\\\/la-escandalosa-falta-de-plantilla-e-metro-de-madrid-salta-a-las-redes-sociales\\\/\",\"url\":\"https:\\\/\\\/www.solidaridadobrera.org\\\/confederal\\\/2020\\\/08\\\/11\\\/la-escandalosa-falta-de-plantilla-e-metro-de-madrid-salta-a-las-redes-sociales\\\/\",\"name\":\"LA ESCANDALOSA FALTA DE PLANTILLA eN metro de madrid SALTA A LAS REDES SOCIALES - CONFEDERACI\u00d3N SOLIDARIDAD OBRERA\",\"isPartOf\":{\"@id\":\"https:\\\/\\\/www.solidaridadobrera.org\\\/confederal\\\/#website\"},\"datePublished\":\"2020-08-11T12:17:52+00:00\",\"dateModified\":\"2020-08-18T07:03:21+00:00\",\"breadcrumb\":{\"@id\":\"https:\\\/\\\/www.solidaridadobrera.org\\\/confederal\\\/2020\\\/08\\\/11\\\/la-escandalosa-falta-de-plantilla-e-metro-de-madrid-salta-a-las-redes-sociales\\\/#breadcrumb\"},\"inLanguage\":\"es\",\"potentialAction\":[{\"@type\":\"ReadAction\",\"target\":[\"https:\\\/\\\/www.solidaridadobrera.org\\\/confederal\\\/2020\\\/08\\\/11\\\/la-escandalosa-falta-de-plantilla-e-metro-de-madrid-salta-a-las-redes-sociales\\\/\"]}]},{\"@type\":\"BreadcrumbList\",\"@id\":\"https:\\\/\\\/www.solidaridadobrera.org\\\/confederal\\\/2020\\\/08\\\/11\\\/la-escandalosa-falta-de-plantilla-e-metro-de-madrid-salta-a-las-redes-sociales\\\/#breadcrumb\",\"itemListElement\":[{\"@type\":\"ListItem\",\"position\":1,\"name\":\"Portada\",\"item\":\"https:\\\/\\\/www.solidaridadobrera.org\\\/confederal\\\/\"},{\"@type\":\"ListItem\",\"position\":2,\"name\":\"LA ESCANDALOSA FALTA DE PLANTILLA eN metro de madrid SALTA A LAS REDES SOCIALES\"}]},{\"@type\":\"WebSite\",\"@id\":\"https:\\\/\\\/www.solidaridadobrera.org\\\/confederal\\\/#website\",\"url\":\"https:\\\/\\\/www.solidaridadobrera.org\\\/confederal\\\/\",\"name\":\"SOLIDARIDAD OBRERA\",\"description\":\"Confederaci\u00f3n Anarcosindicalista. La lucha es el \u00fanico camino.\",\"publisher\":{\"@id\":\"https:\\\/\\\/www.solidaridadobrera.org\\\/confederal\\\/#organization\"},\"potentialAction\":[{\"@type\":\"SearchAction\",\"target\":{\"@type\":\"EntryPoint\",\"urlTemplate\":\"https:\\\/\\\/www.solidaridadobrera.org\\\/confederal\\\/?s={search_term_string}\"},\"query-input\":{\"@type\":\"PropertyValueSpecification\",\"valueRequired\":true,\"valueName\":\"search_term_string\"}}],\"inLanguage\":\"es\"},{\"@type\":\"Organization\",\"@id\":\"https:\\\/\\\/www.solidaridadobrera.org\\\/confederal\\\/#organization\",\"name\":\"Solidaridad Obrera\",\"url\":\"https:\\\/\\\/www.solidaridadobrera.org\\\/confederal\\\/\",\"logo\":{\"@type\":\"ImageObject\",\"inLanguage\":\"es\",\"@id\":\"https:\\\/\\\/www.solidaridadobrera.org\\\/confederal\\\/#\\\/schema\\\/logo\\\/image\\\/\",\"url\":\"https:\\\/\\\/www.solidaridadobrera.org\\\/confederal\\\/wp-content\\\/uploads\\\/2021\\\/07\\\/logo_soli_web.png\",\"contentUrl\":\"https:\\\/\\\/www.solidaridadobrera.org\\\/confederal\\\/wp-content\\\/uploads\\\/2021\\\/07\\\/logo_soli_web.png\",\"width\":1181,\"height\":1181,\"caption\":\"Solidaridad Obrera\"},\"image\":{\"@id\":\"https:\\\/\\\/www.solidaridadobrera.org\\\/confederal\\\/#\\\/schema\\\/logo\\\/image\\\/\"},\"sameAs\":[\"https:\\\/\\\/es-es.facebook.com\\\/Soliobrera\",\"https:\\\/\\\/www.instagram.com\\\/soliobrera\\\/\",\"https:\\\/\\\/web.telegram.org\\\/a\\\/#-1001124968543\"]},{\"@type\":\"Person\",\"@id\":\"https:\\\/\\\/www.solidaridadobrera.org\\\/confederal\\\/#\\\/schema\\\/person\\\/ed9fab2d430bbb757c07771d4bd03241\",\"name\":\"Crescencio Carretero\",\"image\":{\"@type\":\"ImageObject\",\"inLanguage\":\"es\",\"@id\":\"https:\\\/\\\/secure.gravatar.com\\\/avatar\\\/a58ca1ef4dac064b6a1e9c889d8cf26c2c500b3f02605cd53901eb3cbb9119c4?s=96&d=mm&r=g\",\"url\":\"https:\\\/\\\/secure.gravatar.com\\\/avatar\\\/a58ca1ef4dac064b6a1e9c889d8cf26c2c500b3f02605cd53901eb3cbb9119c4?s=96&d=mm&r=g\",\"contentUrl\":\"https:\\\/\\\/secure.gravatar.com\\\/avatar\\\/a58ca1ef4dac064b6a1e9c889d8cf26c2c500b3f02605cd53901eb3cbb9119c4?s=96&d=mm&r=g\",\"caption\":\"Crescencio Carretero\"},\"url\":\"https:\\\/\\\/www.solidaridadobrera.org\\\/confederal\\\/author\\\/crescencio\\\/\"}]}<\/script>\n<!-- \/ Yoast SEO plugin. -->","yoast_head_json":{"title":"LA ESCANDALOSA FALTA DE PLANTILLA eN metro de madrid SALTA A LAS REDES SOCIALES - CONFEDERACI\u00d3N SOLIDARIDAD OBRERA","robots":{"index":"index","follow":"follow","max-snippet":"max-snippet:-1","max-image-preview":"max-image-preview:large","max-video-preview":"max-video-preview:-1"},"canonical":"https:\/\/www.solidaridadobrera.org\/confederal\/2020\/08\/11\/la-escandalosa-falta-de-plantilla-e-metro-de-madrid-salta-a-las-redes-sociales\/","og_locale":"es_ES","og_type":"article","og_title":"LA ESCANDALOSA FALTA DE PLANTILLA eN metro de madrid SALTA A LAS REDES SOCIALES - CONFEDERACI\u00d3N SOLIDARIDAD OBRERA","og_description":"No s\u00f3lo es un esc\u00e1ndalo que el privatizador Gobierno de la Comunidad de Madrid (PP + Cs, Vox) haya entregado el servicio de rastreo del #covid19 a dedo, sin concurso [&hellip;]","og_url":"https:\/\/www.solidaridadobrera.org\/confederal\/2020\/08\/11\/la-escandalosa-falta-de-plantilla-e-metro-de-madrid-salta-a-las-redes-sociales\/","og_site_name":"CONFEDERACI\u00d3N SOLIDARIDAD OBRERA","article_publisher":"https:\/\/es-es.facebook.com\/Soliobrera","article_published_time":"2020-08-11T12:17:52+00:00","article_modified_time":"2020-08-18T07:03:21+00:00","author":"Crescencio Carretero","twitter_card":"summary_large_image","twitter_misc":{"Escrito por":"Crescencio Carretero","Tiempo de lectura":"4 minutos"},"schema":{"@context":"https:\/\/schema.org","@graph":[{"@type":"Article","@id":"https:\/\/www.solidaridadobrera.org\/confederal\/2020\/08\/11\/la-escandalosa-falta-de-plantilla-e-metro-de-madrid-salta-a-las-redes-sociales\/#article","isPartOf":{"@id":"https:\/\/www.solidaridadobrera.org\/confederal\/2020\/08\/11\/la-escandalosa-falta-de-plantilla-e-metro-de-madrid-salta-a-las-redes-sociales\/"},"author":{"name":"Crescencio Carretero","@id":"https:\/\/www.solidaridadobrera.org\/confederal\/#\/schema\/person\/ed9fab2d430bbb757c07771d4bd03241"},"headline":"LA ESCANDALOSA FALTA DE PLANTILLA eN metro de madrid SALTA A LAS REDES SOCIALES","datePublished":"2020-08-11T12:17:52+00:00","dateModified":"2020-08-18T07:03:21+00:00","mainEntityOfPage":{"@id":"https:\/\/www.solidaridadobrera.org\/confederal\/2020\/08\/11\/la-escandalosa-falta-de-plantilla-e-metro-de-madrid-salta-a-las-redes-sociales\/"},"wordCount":715,"commentCount":0,"publisher":{"@id":"https:\/\/www.solidaridadobrera.org\/confederal\/#organization"},"articleSection":["Avisos para los Trabajadores de Metro de Madrid 2020","Difusi\u00f3n y Movilizaciones"],"inLanguage":"es","potentialAction":[{"@type":"CommentAction","name":"Comment","target":["https:\/\/www.solidaridadobrera.org\/confederal\/2020\/08\/11\/la-escandalosa-falta-de-plantilla-e-metro-de-madrid-salta-a-las-redes-sociales\/#respond"]}]},{"@type":"WebPage","@id":"https:\/\/www.solidaridadobrera.org\/confederal\/2020\/08\/11\/la-escandalosa-falta-de-plantilla-e-metro-de-madrid-salta-a-las-redes-sociales\/","url":"https:\/\/www.solidaridadobrera.org\/confederal\/2020\/08\/11\/la-escandalosa-falta-de-plantilla-e-metro-de-madrid-salta-a-las-redes-sociales\/","name":"LA ESCANDALOSA FALTA DE PLANTILLA eN metro de madrid SALTA A LAS REDES SOCIALES - CONFEDERACI\u00d3N SOLIDARIDAD OBRERA","isPartOf":{"@id":"https:\/\/www.solidaridadobrera.org\/confederal\/#website"},"datePublished":"2020-08-11T12:17:52+00:00","dateModified":"2020-08-18T07:03:21+00:00","breadcrumb":{"@id":"https:\/\/www.solidaridadobrera.org\/confederal\/2020\/08\/11\/la-escandalosa-falta-de-plantilla-e-metro-de-madrid-salta-a-las-redes-sociales\/#breadcrumb"},"inLanguage":"es","potentialAction":[{"@type":"ReadAction","target":["https:\/\/www.solidaridadobrera.org\/confederal\/2020\/08\/11\/la-escandalosa-falta-de-plantilla-e-metro-de-madrid-salta-a-las-redes-sociales\/"]}]},{"@type":"BreadcrumbList","@id":"https:\/\/www.solidaridadobrera.org\/confederal\/2020\/08\/11\/la-escandalosa-falta-de-plantilla-e-metro-de-madrid-salta-a-las-redes-sociales\/#breadcrumb","itemListElement":[{"@type":"ListItem","position":1,"name":"Portada","item":"https:\/\/www.solidaridadobrera.org\/confederal\/"},{"@type":"ListItem","position":2,"name":"LA ESCANDALOSA FALTA DE PLANTILLA eN metro de madrid SALTA A LAS REDES SOCIALES"}]},{"@type":"WebSite","@id":"https:\/\/www.solidaridadobrera.org\/confederal\/#website","url":"https:\/\/www.solidaridadobrera.org\/confederal\/","name":"SOLIDARIDAD OBRERA","description":"Confederaci\u00f3n Anarcosindicalista. La lucha es el \u00fanico camino.","publisher":{"@id":"https:\/\/www.solidaridadobrera.org\/confederal\/#organization"},"potentialAction":[{"@type":"SearchAction","target":{"@type":"EntryPoint","urlTemplate":"https:\/\/www.solidaridadobrera.org\/confederal\/?s={search_term_string}"},"query-input":{"@type":"PropertyValueSpecification","valueRequired":true,"valueName":"search_term_string"}}],"inLanguage":"es"},{"@type":"Organization","@id":"https:\/\/www.solidaridadobrera.org\/confederal\/#organization","name":"Solidaridad Obrera","url":"https:\/\/www.solidaridadobrera.org\/confederal\/","logo":{"@type":"ImageObject","inLanguage":"es","@id":"https:\/\/www.solidaridadobrera.org\/confederal\/#\/schema\/logo\/image\/","url":"https:\/\/www.solidaridadobrera.org\/confederal\/wp-content\/uploads\/2021\/07\/logo_soli_web.png","contentUrl":"https:\/\/www.solidaridadobrera.org\/confederal\/wp-content\/uploads\/2021\/07\/logo_soli_web.png","width":1181,"height":1181,"caption":"Solidaridad Obrera"},"image":{"@id":"https:\/\/www.solidaridadobrera.org\/confederal\/#\/schema\/logo\/image\/"},"sameAs":["https:\/\/es-es.facebook.com\/Soliobrera","https:\/\/www.instagram.com\/soliobrera\/","https:\/\/web.telegram.org\/a\/#-1001124968543"]},{"@type":"Person","@id":"https:\/\/www.solidaridadobrera.org\/confederal\/#\/schema\/person\/ed9fab2d430bbb757c07771d4bd03241","name":"Crescencio Carretero","image":{"@type":"ImageObject","inLanguage":"es","@id":"https:\/\/secure.gravatar.com\/avatar\/a58ca1ef4dac064b6a1e9c889d8cf26c2c500b3f02605cd53901eb3cbb9119c4?s=96&d=mm&r=g","url":"https:\/\/secure.gravatar.com\/avatar\/a58ca1ef4dac064b6a1e9c889d8cf26c2c500b3f02605cd53901eb3cbb9119c4?s=96&d=mm&r=g","contentUrl":"https:\/\/secure.gravatar.com\/avatar\/a58ca1ef4dac064b6a1e9c889d8cf26c2c500b3f02605cd53901eb3cbb9119c4?s=96&d=mm&r=g","caption":"Crescencio Carretero"},"url":"https:\/\/www.solidaridadobrera.org\/confederal\/author\/crescencio\/"}]}},"_links":{"self":[{"href":"https:\/\/www.solidaridadobrera.org\/confederal\/wp-json\/wp\/v2\/posts\/8472","targetHints":{"allow":["GET"]}}],"collection":[{"href":"https:\/\/www.solidaridadobrera.org\/confederal\/wp-json\/wp\/v2\/posts"}],"about":[{"href":"https:\/\/www.solidaridadobrera.org\/confederal\/wp-json\/wp\/v2\/types\/post"}],"author":[{"embeddable":true,"href":"https:\/\/www.solidaridadobrera.org\/confederal\/wp-json\/wp\/v2\/users\/14"}],"replies":[{"embeddable":true,"href":"https:\/\/www.solidaridadobrera.org\/confederal\/wp-json\/wp\/v2\/comments?post=8472"}],"version-history":[{"count":2,"href":"https:\/\/www.solidaridadobrera.org\/confederal\/wp-json\/wp\/v2\/posts\/8472\/revisions"}],"predecessor-version":[{"id":8476,"href":"https:\/\/www.solidaridadobrera.org\/confederal\/wp-json\/wp\/v2\/posts\/8472\/revisions\/8476"}],"wp:attachment":[{"href":"https:\/\/www.solidaridadobrera.org\/confederal\/wp-json\/wp\/v2\/media?parent=8472"}],"wp:term":[{"taxonomy":"category","embeddable":true,"href":"https:\/\/www.solidaridadobrera.org\/confederal\/wp-json\/wp\/v2\/categories?post=8472"},{"taxonomy":"post_tag","embeddable":true,"href":"https:\/\/www.solidaridadobrera.org\/confederal\/wp-json\/wp\/v2\/tags?post=8472"}],"curies":[{"name":"wp","href":"https:\/\/api.w.org\/{rel}","templated":true}]}}