{"id":6956,"date":"2019-02-19T09:35:07","date_gmt":"2019-02-19T09:35:07","guid":{"rendered":"http:\/\/www.solidaridadobrera.org\/confederal\/?p=6956"},"modified":"2019-02-19T10:03:43","modified_gmt":"2019-02-19T10:03:43","slug":"aviso-18-2019-metromadrid-comision-de-seguimiento-productividad-y-multifuncion","status":"publish","type":"post","link":"https:\/\/www.solidaridadobrera.org\/confederal\/2019\/02\/19\/aviso-18-2019-metromadrid-comision-de-seguimiento-productividad-y-multifuncion\/","title":{"rendered":"AVISO 18\/2019 MetroMadrid &#8211; COMISI\u00d3N DE SEGUIMIENTO PRODUCTIVIDAD Y MULTIFUNCI\u00d3N"},"content":{"rendered":"\n<p>El pasado viernes 15 se volvieron a\nreunir una semana m\u00e1s los responsables de la AMI y de RRHH, adem\u00e1s de los\nrepresentantes sindicales, junto a trabajadores de distintas Secciones para\nintentar avanzar algo m\u00e1s en la negociaci\u00f3n de la Cl\u00e1usula 17 del Convenio\nColectivo vigente.<\/p>\n\n\n\n<p><strong>PRIMER\nNIVEL MULTIFUNCIONAL<\/strong><strong>:<\/strong> En un\nprimer lugar se trata el documento entregado el jueves por parte de los\nSindicatos sobre las condiciones laborales del Primer Nivel, en dicho documento\nmarcamos unas <strong>l\u00edneas rojas<\/strong> como son el\nporcentaje de agentes en el Segundo Nivel, para salvaguardar y asegurar a las\nSecciones Convencionales, los agentes de guardia o los cupos para mejorar las\ncondiciones actuales, ya que desde<strong> <em>Solidaridad Obrera<\/em><\/strong> entendemos que el\nsimple hecho de valorar la ampliaci\u00f3n del sistema Multifuncional a toda la Red\nde Metro es suficiente productividad como para que quieran estar tocando otras\ncosas.<\/p>\n\n\n\n<p><strong>SEGUNDO\nNIVEL MULTIFUNCIONAL<\/strong><strong>:<\/strong> Hasta que\nno zanjemos las condiciones del Primer Nivel y salvaguardemos el porcentaje de\nlas Secciones convencionales que garantice un futuro a largo plazo, no\nentraremos ni a trabajar ni a valorar las condiciones de \u00e9stas, aunque desde <strong><em>Solidaridad\nObrera<\/em><\/strong> les avanzamos una cosa, <strong>NING\u00daN<\/strong>\ntrabajador que no tenga firmada la Multifunci\u00f3n se ver\u00e1 obligado a salir de su\nsecci\u00f3n convencional.<\/p>\n\n\n\n<p><strong>L\u00cdNEA\nA\u00c9REA: <\/strong>El equipo de\ndisponibilidad y los cupos m\u00ednimos de presencia son dos de los puntos donde hay\ntodav\u00eda mayor alejamiento de posturas, eso y plasmar por escrito el compromiso\nque adquiri\u00f3 el Jefe de \u00c1rea de la AMI, tras la reclamaci\u00f3n por parte de <strong><em>Solidaridad\nObrera,<\/em> <\/strong>deascensos y\ndiferenciaci\u00f3n de la figura del Gestor de Cortes, a dicho compromiso se le\nmarc\u00f3 un plazo de entre 6 y 12 meses para evaluar y normalizar dichas\nsituaciones, sin ese compromiso firmado no se podr\u00e1 seguir avanzando en la\nnegociaci\u00f3n.<\/p>\n\n\n\n<p><strong>SE\u00d1ALES:<\/strong> Las diversas contrapropuestas al T1 y T2 para cubrir\ny compensar econ\u00f3micamente la hora y media diaria descubierta de servicio, han\nsido rechazadas por parte de la empresa. Tras esta negativa de la Direcci\u00f3n, <strong><em>Solidaridad\nObrera<\/em><\/strong> ha realizado otra propuesta basada en repartir esa hora y media\nentre los tres turnos y que sean los agentes de guardia en esa semana quienes\nla cubran, compensando en el c\u00f3mputo anual ese exceso de jornada, que generar\u00eda\nuna serie de d\u00edas libres.<\/p>\n\n\n\n<p><strong>Sobre\nla equiparaci\u00f3n de la prima de eficacia,<\/strong>\ndesde <strong><em>Solidaridad Obrera<\/em> <\/strong>entendemos que ha de ser as\u00ed, que los\ntrabajadores de esta secci\u00f3n est\u00e1n injustamente tratados en este aspecto y\ntrabajaremos en esa l\u00ednea.<\/p>\n\n\n\n<p><strong>ENERG\u00cdA:<\/strong> Los trabajadores llevaron otra propuesta diferente a\nla entregada a la empresa la semana anterior, dicho documento sigue estando muy\nalejado de reforzar el turno de noche que es lo que la empresa quiere debido al\nnuevo plan de mantenimiento sobre el que est\u00e1n trabajando, la empresa defiende\nque esos trabajos tienen que salir y que con o sin acuerdo prevalece la prestaci\u00f3n\nde servicio y que no firmar ning\u00fan tipo de acuerdo, no significa seguir igual\nque hasta ahora, indican que todo el personal que ha entrado recientemente iba\norientado a reforzar la noche y que si no se llega a ning\u00fan acuerdo valorar\u00e1n\nsu reubicaci\u00f3n. <strong>Solidaridad Obrera<\/strong>\nno va a consentir ning\u00fan tipo de amenazas y que, por ese camino, poca\nnegociaci\u00f3n va a encontrar, m\u00e1s bien todo lo contrario. <\/p>\n\n\n\n<p><strong>Solidaridad\nObrera<\/strong> exigimos la <strong>CONTRATACI\u00d3N DE PERSONAL YA<\/strong>, para poder\nllevar a cabo el Plan Multifuncional con garant\u00edas, asegurar las Secciones\nConvencionales y la internalizaci\u00f3n de todos los trabajos para ofrecer a los\nusuarios el servicio p\u00fablico de calidad que se merecen y que los responsables\nde la Comunidad de Madrid no solo lo deniegan, si no que trabajan para\nempeorarlo, con el Consejero Delegado a la cabeza, demostrando una vez m\u00e1s que\nno est\u00e1 a la altura.<\/p>\n\n\n\n<p>Madrid\n19 de febrero de 2019<\/p>\n\n\n\n<p>Por\nSolidaridad Obrera<\/p>\n\n\n\n<p>LA\nJUNTA SINDICAL<\/p>\n","protected":false},"excerpt":{"rendered":"<p>El pasado viernes 15 se volvieron a reunir una semana m\u00e1s los responsables de la AMI y de RRHH, adem\u00e1s de los representantes sindicales, junto a trabajadores de distintas Secciones [&hellip;]<\/p>\n","protected":false},"author":4,"featured_media":0,"comment_status":"open","ping_status":"open","sticky":false,"template":"","format":"standard","meta":{"postBodyCss":"","postBodyMargin":[],"postBodyPadding":[],"postBodyBackground":{"backgroundType":"classic","gradient":""},"ngg_post_thumbnail":0,"footnotes":""},"categories":[464,1],"tags":[509,272,453,388,494],"class_list":["post-6956","post","type-post","status-publish","format-standard","hentry","category-avisos-para-los-trabajadores-de-metro-de-madrid-2019","category-sin-categoria","tag-aviso","tag-metro-de-madrid","tag-multifuncion","tag-productividad","tag-seguimiento"],"yoast_head":"<!-- This site is optimized with the Yoast SEO plugin v27.5 - https:\/\/yoast.com\/product\/yoast-seo-wordpress\/ -->\n<title>AVISO 18\/2019 MetroMadrid - COMISI\u00d3N DE SEGUIMIENTO PRODUCTIVIDAD Y MULTIFUNCI\u00d3N - CONFEDERACI\u00d3N SOLIDARIDAD OBRERA<\/title>\n<meta name=\"description\" content=\"El pasado viernes 15 se volvieron a reunir una semana m\u00e1s los responsables de la AMI y de RRHH, adem\u00e1s de los representantes sindicales, junto a trabajadores de distintas Secciones para intentar avanzar algo m\u00e1s en la negociaci\u00f3n de la Cl\u00e1usula 17 del Convenio Colectivo vigente.\" \/>\n<meta name=\"robots\" content=\"index, follow, max-snippet:-1, max-image-preview:large, max-video-preview:-1\" \/>\n<link rel=\"canonical\" href=\"https:\/\/www.solidaridadobrera.org\/confederal\/2019\/02\/19\/aviso-18-2019-metromadrid-comision-de-seguimiento-productividad-y-multifuncion\/\" \/>\n<meta property=\"og:locale\" content=\"es_ES\" \/>\n<meta property=\"og:type\" content=\"article\" \/>\n<meta property=\"og:title\" content=\"AVISO 18\/2019 MetroMadrid - COMISI\u00d3N DE SEGUIMIENTO PRODUCTIVIDAD Y MULTIFUNCI\u00d3N - CONFEDERACI\u00d3N SOLIDARIDAD OBRERA\" \/>\n<meta property=\"og:description\" content=\"El pasado viernes 15 se volvieron a reunir una semana m\u00e1s los responsables de la AMI y de RRHH, adem\u00e1s de los representantes sindicales, junto a trabajadores de distintas Secciones para intentar avanzar algo m\u00e1s en la negociaci\u00f3n de la Cl\u00e1usula 17 del Convenio Colectivo vigente.\" \/>\n<meta property=\"og:url\" content=\"https:\/\/www.solidaridadobrera.org\/confederal\/2019\/02\/19\/aviso-18-2019-metromadrid-comision-de-seguimiento-productividad-y-multifuncion\/\" \/>\n<meta property=\"og:site_name\" content=\"CONFEDERACI\u00d3N SOLIDARIDAD OBRERA\" \/>\n<meta property=\"article:publisher\" content=\"https:\/\/es-es.facebook.com\/Soliobrera\" \/>\n<meta property=\"article:published_time\" content=\"2019-02-19T09:35:07+00:00\" \/>\n<meta property=\"article:modified_time\" content=\"2019-02-19T10:03:43+00:00\" \/>\n<meta name=\"author\" content=\"Seccion Metro de Madrid\" \/>\n<meta name=\"twitter:card\" content=\"summary_large_image\" \/>\n<meta name=\"twitter:label1\" content=\"Escrito por\" \/>\n\t<meta name=\"twitter:data1\" content=\"Seccion Metro de Madrid\" \/>\n\t<meta name=\"twitter:label2\" content=\"Tiempo de lectura\" \/>\n\t<meta name=\"twitter:data2\" content=\"3 minutos\" \/>\n<script type=\"application\/ld+json\" class=\"yoast-schema-graph\">{\"@context\":\"https:\\\/\\\/schema.org\",\"@graph\":[{\"@type\":\"Article\",\"@id\":\"https:\\\/\\\/www.solidaridadobrera.org\\\/confederal\\\/2019\\\/02\\\/19\\\/aviso-18-2019-metromadrid-comision-de-seguimiento-productividad-y-multifuncion\\\/#article\",\"isPartOf\":{\"@id\":\"https:\\\/\\\/www.solidaridadobrera.org\\\/confederal\\\/2019\\\/02\\\/19\\\/aviso-18-2019-metromadrid-comision-de-seguimiento-productividad-y-multifuncion\\\/\"},\"author\":{\"name\":\"Seccion Metro de Madrid\",\"@id\":\"https:\\\/\\\/www.solidaridadobrera.org\\\/confederal\\\/#\\\/schema\\\/person\\\/a43d602d56a78f576b9d9efe2a596475\"},\"headline\":\"AVISO 18\\\/2019 MetroMadrid &#8211; COMISI\u00d3N DE SEGUIMIENTO PRODUCTIVIDAD Y MULTIFUNCI\u00d3N\",\"datePublished\":\"2019-02-19T09:35:07+00:00\",\"dateModified\":\"2019-02-19T10:03:43+00:00\",\"mainEntityOfPage\":{\"@id\":\"https:\\\/\\\/www.solidaridadobrera.org\\\/confederal\\\/2019\\\/02\\\/19\\\/aviso-18-2019-metromadrid-comision-de-seguimiento-productividad-y-multifuncion\\\/\"},\"wordCount\":682,\"commentCount\":0,\"publisher\":{\"@id\":\"https:\\\/\\\/www.solidaridadobrera.org\\\/confederal\\\/#organization\"},\"keywords\":[\"aviso\",\"Metro de Madrid\",\"multifuncion\",\"productividad\",\"seguimiento\"],\"articleSection\":[\"Avisos para los Trabajadores de Metro de Madrid 2019\"],\"inLanguage\":\"es\",\"potentialAction\":[{\"@type\":\"CommentAction\",\"name\":\"Comment\",\"target\":[\"https:\\\/\\\/www.solidaridadobrera.org\\\/confederal\\\/2019\\\/02\\\/19\\\/aviso-18-2019-metromadrid-comision-de-seguimiento-productividad-y-multifuncion\\\/#respond\"]}]},{\"@type\":\"WebPage\",\"@id\":\"https:\\\/\\\/www.solidaridadobrera.org\\\/confederal\\\/2019\\\/02\\\/19\\\/aviso-18-2019-metromadrid-comision-de-seguimiento-productividad-y-multifuncion\\\/\",\"url\":\"https:\\\/\\\/www.solidaridadobrera.org\\\/confederal\\\/2019\\\/02\\\/19\\\/aviso-18-2019-metromadrid-comision-de-seguimiento-productividad-y-multifuncion\\\/\",\"name\":\"AVISO 18\\\/2019 MetroMadrid - COMISI\u00d3N DE SEGUIMIENTO PRODUCTIVIDAD Y MULTIFUNCI\u00d3N - CONFEDERACI\u00d3N SOLIDARIDAD OBRERA\",\"isPartOf\":{\"@id\":\"https:\\\/\\\/www.solidaridadobrera.org\\\/confederal\\\/#website\"},\"datePublished\":\"2019-02-19T09:35:07+00:00\",\"dateModified\":\"2019-02-19T10:03:43+00:00\",\"description\":\"El pasado viernes 15 se volvieron a reunir una semana m\u00e1s los responsables de la AMI y de RRHH, adem\u00e1s de los representantes sindicales, junto a trabajadores de distintas Secciones para intentar avanzar algo m\u00e1s en la negociaci\u00f3n de la Cl\u00e1usula 17 del Convenio Colectivo vigente.\",\"breadcrumb\":{\"@id\":\"https:\\\/\\\/www.solidaridadobrera.org\\\/confederal\\\/2019\\\/02\\\/19\\\/aviso-18-2019-metromadrid-comision-de-seguimiento-productividad-y-multifuncion\\\/#breadcrumb\"},\"inLanguage\":\"es\",\"potentialAction\":[{\"@type\":\"ReadAction\",\"target\":[\"https:\\\/\\\/www.solidaridadobrera.org\\\/confederal\\\/2019\\\/02\\\/19\\\/aviso-18-2019-metromadrid-comision-de-seguimiento-productividad-y-multifuncion\\\/\"]}]},{\"@type\":\"BreadcrumbList\",\"@id\":\"https:\\\/\\\/www.solidaridadobrera.org\\\/confederal\\\/2019\\\/02\\\/19\\\/aviso-18-2019-metromadrid-comision-de-seguimiento-productividad-y-multifuncion\\\/#breadcrumb\",\"itemListElement\":[{\"@type\":\"ListItem\",\"position\":1,\"name\":\"Portada\",\"item\":\"https:\\\/\\\/www.solidaridadobrera.org\\\/confederal\\\/\"},{\"@type\":\"ListItem\",\"position\":2,\"name\":\"AVISO 18\\\/2019 MetroMadrid &#8211; COMISI\u00d3N DE SEGUIMIENTO PRODUCTIVIDAD Y MULTIFUNCI\u00d3N\"}]},{\"@type\":\"WebSite\",\"@id\":\"https:\\\/\\\/www.solidaridadobrera.org\\\/confederal\\\/#website\",\"url\":\"https:\\\/\\\/www.solidaridadobrera.org\\\/confederal\\\/\",\"name\":\"SOLIDARIDAD OBRERA\",\"description\":\"Confederaci\u00f3n Anarcosindicalista. La lucha es el \u00fanico camino.\",\"publisher\":{\"@id\":\"https:\\\/\\\/www.solidaridadobrera.org\\\/confederal\\\/#organization\"},\"potentialAction\":[{\"@type\":\"SearchAction\",\"target\":{\"@type\":\"EntryPoint\",\"urlTemplate\":\"https:\\\/\\\/www.solidaridadobrera.org\\\/confederal\\\/?s={search_term_string}\"},\"query-input\":{\"@type\":\"PropertyValueSpecification\",\"valueRequired\":true,\"valueName\":\"search_term_string\"}}],\"inLanguage\":\"es\"},{\"@type\":\"Organization\",\"@id\":\"https:\\\/\\\/www.solidaridadobrera.org\\\/confederal\\\/#organization\",\"name\":\"Solidaridad Obrera\",\"url\":\"https:\\\/\\\/www.solidaridadobrera.org\\\/confederal\\\/\",\"logo\":{\"@type\":\"ImageObject\",\"inLanguage\":\"es\",\"@id\":\"https:\\\/\\\/www.solidaridadobrera.org\\\/confederal\\\/#\\\/schema\\\/logo\\\/image\\\/\",\"url\":\"https:\\\/\\\/www.solidaridadobrera.org\\\/confederal\\\/wp-content\\\/uploads\\\/2021\\\/07\\\/logo_soli_web.png\",\"contentUrl\":\"https:\\\/\\\/www.solidaridadobrera.org\\\/confederal\\\/wp-content\\\/uploads\\\/2021\\\/07\\\/logo_soli_web.png\",\"width\":1181,\"height\":1181,\"caption\":\"Solidaridad Obrera\"},\"image\":{\"@id\":\"https:\\\/\\\/www.solidaridadobrera.org\\\/confederal\\\/#\\\/schema\\\/logo\\\/image\\\/\"},\"sameAs\":[\"https:\\\/\\\/es-es.facebook.com\\\/Soliobrera\",\"https:\\\/\\\/www.instagram.com\\\/soliobrera\\\/\",\"https:\\\/\\\/web.telegram.org\\\/a\\\/#-1001124968543\"]},{\"@type\":\"Person\",\"@id\":\"https:\\\/\\\/www.solidaridadobrera.org\\\/confederal\\\/#\\\/schema\\\/person\\\/a43d602d56a78f576b9d9efe2a596475\",\"name\":\"Seccion Metro de Madrid\",\"image\":{\"@type\":\"ImageObject\",\"inLanguage\":\"es\",\"@id\":\"https:\\\/\\\/secure.gravatar.com\\\/avatar\\\/007cefbbc527a2d7a463774093b487ff41706952d3cbd0489c0a7d50e2265741?s=96&d=mm&r=g\",\"url\":\"https:\\\/\\\/secure.gravatar.com\\\/avatar\\\/007cefbbc527a2d7a463774093b487ff41706952d3cbd0489c0a7d50e2265741?s=96&d=mm&r=g\",\"contentUrl\":\"https:\\\/\\\/secure.gravatar.com\\\/avatar\\\/007cefbbc527a2d7a463774093b487ff41706952d3cbd0489c0a7d50e2265741?s=96&d=mm&r=g\",\"caption\":\"Seccion Metro de Madrid\"},\"url\":\"https:\\\/\\\/www.solidaridadobrera.org\\\/confederal\\\/author\\\/seccion-metro-de-madrid\\\/\"}]}<\/script>\n<!-- \/ Yoast SEO plugin. -->","yoast_head_json":{"title":"AVISO 18\/2019 MetroMadrid - COMISI\u00d3N DE SEGUIMIENTO PRODUCTIVIDAD Y MULTIFUNCI\u00d3N - CONFEDERACI\u00d3N SOLIDARIDAD OBRERA","description":"El pasado viernes 15 se volvieron a reunir una semana m\u00e1s los responsables de la AMI y de RRHH, adem\u00e1s de los representantes sindicales, junto a trabajadores de distintas Secciones para intentar avanzar algo m\u00e1s en la negociaci\u00f3n de la Cl\u00e1usula 17 del Convenio Colectivo vigente.","robots":{"index":"index","follow":"follow","max-snippet":"max-snippet:-1","max-image-preview":"max-image-preview:large","max-video-preview":"max-video-preview:-1"},"canonical":"https:\/\/www.solidaridadobrera.org\/confederal\/2019\/02\/19\/aviso-18-2019-metromadrid-comision-de-seguimiento-productividad-y-multifuncion\/","og_locale":"es_ES","og_type":"article","og_title":"AVISO 18\/2019 MetroMadrid - COMISI\u00d3N DE SEGUIMIENTO PRODUCTIVIDAD Y MULTIFUNCI\u00d3N - CONFEDERACI\u00d3N SOLIDARIDAD OBRERA","og_description":"El pasado viernes 15 se volvieron a reunir una semana m\u00e1s los responsables de la AMI y de RRHH, adem\u00e1s de los representantes sindicales, junto a trabajadores de distintas Secciones para intentar avanzar algo m\u00e1s en la negociaci\u00f3n de la Cl\u00e1usula 17 del Convenio Colectivo vigente.","og_url":"https:\/\/www.solidaridadobrera.org\/confederal\/2019\/02\/19\/aviso-18-2019-metromadrid-comision-de-seguimiento-productividad-y-multifuncion\/","og_site_name":"CONFEDERACI\u00d3N SOLIDARIDAD OBRERA","article_publisher":"https:\/\/es-es.facebook.com\/Soliobrera","article_published_time":"2019-02-19T09:35:07+00:00","article_modified_time":"2019-02-19T10:03:43+00:00","author":"Seccion Metro de Madrid","twitter_card":"summary_large_image","twitter_misc":{"Escrito por":"Seccion Metro de Madrid","Tiempo de lectura":"3 minutos"},"schema":{"@context":"https:\/\/schema.org","@graph":[{"@type":"Article","@id":"https:\/\/www.solidaridadobrera.org\/confederal\/2019\/02\/19\/aviso-18-2019-metromadrid-comision-de-seguimiento-productividad-y-multifuncion\/#article","isPartOf":{"@id":"https:\/\/www.solidaridadobrera.org\/confederal\/2019\/02\/19\/aviso-18-2019-metromadrid-comision-de-seguimiento-productividad-y-multifuncion\/"},"author":{"name":"Seccion Metro de Madrid","@id":"https:\/\/www.solidaridadobrera.org\/confederal\/#\/schema\/person\/a43d602d56a78f576b9d9efe2a596475"},"headline":"AVISO 18\/2019 MetroMadrid &#8211; COMISI\u00d3N DE SEGUIMIENTO PRODUCTIVIDAD Y MULTIFUNCI\u00d3N","datePublished":"2019-02-19T09:35:07+00:00","dateModified":"2019-02-19T10:03:43+00:00","mainEntityOfPage":{"@id":"https:\/\/www.solidaridadobrera.org\/confederal\/2019\/02\/19\/aviso-18-2019-metromadrid-comision-de-seguimiento-productividad-y-multifuncion\/"},"wordCount":682,"commentCount":0,"publisher":{"@id":"https:\/\/www.solidaridadobrera.org\/confederal\/#organization"},"keywords":["aviso","Metro de Madrid","multifuncion","productividad","seguimiento"],"articleSection":["Avisos para los Trabajadores de Metro de Madrid 2019"],"inLanguage":"es","potentialAction":[{"@type":"CommentAction","name":"Comment","target":["https:\/\/www.solidaridadobrera.org\/confederal\/2019\/02\/19\/aviso-18-2019-metromadrid-comision-de-seguimiento-productividad-y-multifuncion\/#respond"]}]},{"@type":"WebPage","@id":"https:\/\/www.solidaridadobrera.org\/confederal\/2019\/02\/19\/aviso-18-2019-metromadrid-comision-de-seguimiento-productividad-y-multifuncion\/","url":"https:\/\/www.solidaridadobrera.org\/confederal\/2019\/02\/19\/aviso-18-2019-metromadrid-comision-de-seguimiento-productividad-y-multifuncion\/","name":"AVISO 18\/2019 MetroMadrid - COMISI\u00d3N DE SEGUIMIENTO PRODUCTIVIDAD Y MULTIFUNCI\u00d3N - CONFEDERACI\u00d3N SOLIDARIDAD OBRERA","isPartOf":{"@id":"https:\/\/www.solidaridadobrera.org\/confederal\/#website"},"datePublished":"2019-02-19T09:35:07+00:00","dateModified":"2019-02-19T10:03:43+00:00","description":"El pasado viernes 15 se volvieron a reunir una semana m\u00e1s los responsables de la AMI y de RRHH, adem\u00e1s de los representantes sindicales, junto a trabajadores de distintas Secciones para intentar avanzar algo m\u00e1s en la negociaci\u00f3n de la Cl\u00e1usula 17 del Convenio Colectivo vigente.","breadcrumb":{"@id":"https:\/\/www.solidaridadobrera.org\/confederal\/2019\/02\/19\/aviso-18-2019-metromadrid-comision-de-seguimiento-productividad-y-multifuncion\/#breadcrumb"},"inLanguage":"es","potentialAction":[{"@type":"ReadAction","target":["https:\/\/www.solidaridadobrera.org\/confederal\/2019\/02\/19\/aviso-18-2019-metromadrid-comision-de-seguimiento-productividad-y-multifuncion\/"]}]},{"@type":"BreadcrumbList","@id":"https:\/\/www.solidaridadobrera.org\/confederal\/2019\/02\/19\/aviso-18-2019-metromadrid-comision-de-seguimiento-productividad-y-multifuncion\/#breadcrumb","itemListElement":[{"@type":"ListItem","position":1,"name":"Portada","item":"https:\/\/www.solidaridadobrera.org\/confederal\/"},{"@type":"ListItem","position":2,"name":"AVISO 18\/2019 MetroMadrid &#8211; COMISI\u00d3N DE SEGUIMIENTO PRODUCTIVIDAD Y MULTIFUNCI\u00d3N"}]},{"@type":"WebSite","@id":"https:\/\/www.solidaridadobrera.org\/confederal\/#website","url":"https:\/\/www.solidaridadobrera.org\/confederal\/","name":"SOLIDARIDAD OBRERA","description":"Confederaci\u00f3n Anarcosindicalista. La lucha es el \u00fanico camino.","publisher":{"@id":"https:\/\/www.solidaridadobrera.org\/confederal\/#organization"},"potentialAction":[{"@type":"SearchAction","target":{"@type":"EntryPoint","urlTemplate":"https:\/\/www.solidaridadobrera.org\/confederal\/?s={search_term_string}"},"query-input":{"@type":"PropertyValueSpecification","valueRequired":true,"valueName":"search_term_string"}}],"inLanguage":"es"},{"@type":"Organization","@id":"https:\/\/www.solidaridadobrera.org\/confederal\/#organization","name":"Solidaridad Obrera","url":"https:\/\/www.solidaridadobrera.org\/confederal\/","logo":{"@type":"ImageObject","inLanguage":"es","@id":"https:\/\/www.solidaridadobrera.org\/confederal\/#\/schema\/logo\/image\/","url":"https:\/\/www.solidaridadobrera.org\/confederal\/wp-content\/uploads\/2021\/07\/logo_soli_web.png","contentUrl":"https:\/\/www.solidaridadobrera.org\/confederal\/wp-content\/uploads\/2021\/07\/logo_soli_web.png","width":1181,"height":1181,"caption":"Solidaridad Obrera"},"image":{"@id":"https:\/\/www.solidaridadobrera.org\/confederal\/#\/schema\/logo\/image\/"},"sameAs":["https:\/\/es-es.facebook.com\/Soliobrera","https:\/\/www.instagram.com\/soliobrera\/","https:\/\/web.telegram.org\/a\/#-1001124968543"]},{"@type":"Person","@id":"https:\/\/www.solidaridadobrera.org\/confederal\/#\/schema\/person\/a43d602d56a78f576b9d9efe2a596475","name":"Seccion Metro de Madrid","image":{"@type":"ImageObject","inLanguage":"es","@id":"https:\/\/secure.gravatar.com\/avatar\/007cefbbc527a2d7a463774093b487ff41706952d3cbd0489c0a7d50e2265741?s=96&d=mm&r=g","url":"https:\/\/secure.gravatar.com\/avatar\/007cefbbc527a2d7a463774093b487ff41706952d3cbd0489c0a7d50e2265741?s=96&d=mm&r=g","contentUrl":"https:\/\/secure.gravatar.com\/avatar\/007cefbbc527a2d7a463774093b487ff41706952d3cbd0489c0a7d50e2265741?s=96&d=mm&r=g","caption":"Seccion Metro de Madrid"},"url":"https:\/\/www.solidaridadobrera.org\/confederal\/author\/seccion-metro-de-madrid\/"}]}},"_links":{"self":[{"href":"https:\/\/www.solidaridadobrera.org\/confederal\/wp-json\/wp\/v2\/posts\/6956","targetHints":{"allow":["GET"]}}],"collection":[{"href":"https:\/\/www.solidaridadobrera.org\/confederal\/wp-json\/wp\/v2\/posts"}],"about":[{"href":"https:\/\/www.solidaridadobrera.org\/confederal\/wp-json\/wp\/v2\/types\/post"}],"author":[{"embeddable":true,"href":"https:\/\/www.solidaridadobrera.org\/confederal\/wp-json\/wp\/v2\/users\/4"}],"replies":[{"embeddable":true,"href":"https:\/\/www.solidaridadobrera.org\/confederal\/wp-json\/wp\/v2\/comments?post=6956"}],"version-history":[{"count":1,"href":"https:\/\/www.solidaridadobrera.org\/confederal\/wp-json\/wp\/v2\/posts\/6956\/revisions"}],"predecessor-version":[{"id":6957,"href":"https:\/\/www.solidaridadobrera.org\/confederal\/wp-json\/wp\/v2\/posts\/6956\/revisions\/6957"}],"wp:attachment":[{"href":"https:\/\/www.solidaridadobrera.org\/confederal\/wp-json\/wp\/v2\/media?parent=6956"}],"wp:term":[{"taxonomy":"category","embeddable":true,"href":"https:\/\/www.solidaridadobrera.org\/confederal\/wp-json\/wp\/v2\/categories?post=6956"},{"taxonomy":"post_tag","embeddable":true,"href":"https:\/\/www.solidaridadobrera.org\/confederal\/wp-json\/wp\/v2\/tags?post=6956"}],"curies":[{"name":"wp","href":"https:\/\/api.w.org\/{rel}","templated":true}]}}