{"id":5928,"date":"2018-06-26T10:42:31","date_gmt":"2018-06-26T10:42:31","guid":{"rendered":"http:\/\/www.solidaridadobrera.org\/?p=5928"},"modified":"2018-06-26T23:25:10","modified_gmt":"2018-06-26T23:25:10","slug":"solidaridad-obrera-ante-el-comunicado-de-madres-contra-la-represion-que-denuncia-agresiones-en-cgt","status":"publish","type":"post","link":"https:\/\/www.solidaridadobrera.org\/confederal\/2018\/06\/26\/solidaridad-obrera-ante-el-comunicado-de-madres-contra-la-represion-que-denuncia-agresiones-en-cgt\/","title":{"rendered":"SOLIDARIDAD OBRERA ANTE EL COMUNICADO DE MADRES CONTRA LA REPRESI\u00d3N QUE DENUNCIA AGRESIONES EN CGT."},"content":{"rendered":"<p><img decoding=\"async\" class=\"alignleft size-medium wp-image-5929\" src=\"http:\/\/www.solidaridadobrera.org\/wp-content\/uploads\/2018\/06\/Pilar-Gomez-STAP-CGT-156x300.jpg\" alt=\"\" width=\"156\" height=\"300\" srcset=\"https:\/\/www.solidaridadobrera.org\/confederal\/wp-content\/uploads\/2018\/06\/Pilar-Gomez-STAP-CGT-156x300.jpg 156w, https:\/\/www.solidaridadobrera.org\/confederal\/wp-content\/uploads\/2018\/06\/Pilar-Gomez-STAP-CGT-182x350.jpg 182w, https:\/\/www.solidaridadobrera.org\/confederal\/wp-content\/uploads\/2018\/06\/Pilar-Gomez-STAP-CGT-78x150.jpg 78w, https:\/\/www.solidaridadobrera.org\/confederal\/wp-content\/uploads\/2018\/06\/Pilar-Gomez-STAP-CGT.jpg 498w\" sizes=\"(max-width: 156px) 100vw, 156px\" \/>Mediante la lectura de un reciente comunicado de Madres contra la Represi\u00f3n, Solidaridad Obrera ha tenido conocimiento de las acusaciones realizadas por dicha organizaci\u00f3n contra Santiago Alonso, secretario de Acci\u00f3n Sindical de Madrid y Castilla La Mancha de la CGT. Seg\u00fan la versi\u00f3n de Madres contra la represi\u00f3n, este representante sindical de CGT habr\u00eda agredido f\u00edsicamente, en el marco de un conflicto interno de la organizaci\u00f3n, a una militante de Madres, Pilar G\u00f3mez (militante de la propia CGT).<\/p>\n<p>Solidaridad Obrera mantiene una pol\u00edtica de estricta neutralidad respecto de los conflictos internos de otros sindicatos.. Pero, en todo caso, Solidaridad Obrera tambi\u00e9n es consciente de que los hechos que nos narra el comunicado de Madres contra la Represi\u00f3n son extremadamente graves. No podemos, tampoco, permitir que en el \u00e1mbito del sindicalismo revolucionario se expandan comportamientos violentos contra los y las militantes sindicales, ni que se pretenda resolver las contradicciones en el seno de la clase obrera mediante el matonismo. Por supuesto, tampoco debemos permitir el maltrato hacia quienes luchan en el mismo lado de la barricada que nosotras y nosotros, aunque no pertenezcan a nuestra organizaci\u00f3n, menos a\u00fan si se trata de mujeres trabajadoras, que tienen que aguantar la triple represi\u00f3n del patr\u00f3n, el Estado y el patriarcado.<\/p>\n<p>Por ello entendemos que es responsabilidad del Secretariado Permanente del Comit\u00e9 Confederal de la CGT aclarar cumplidamente estos hechos frente al conjunto de la clase trabajadora. Exigimos a dicho Secretariado que impida que dichos hechos se judicialicen ante la Justicia burguesa, a la que tanto denunciamos en otros casos, tomando las decisiones necesarias para, si los hechos denunciados por Madres contra la Represi\u00f3n resultasen ciertos, apartar al presunto autor de las agresiones de toda responsabilidad de representaci\u00f3n de los trabajadores organizados de nuestros pa\u00edses.<\/p>\n<p>Asimismo, ante la gravedad de los hechos denunciados, y ante el hecho de que nuestros representantes en \u00e1mbitos de lucha comunes con CGT como el Bloque Combativo de Clase ya nos han trasladado, anteriormente al comunicado de Madres contra la Represi\u00f3n, diversas quejas respecto a las dificultades para trabajar con Santiago Alonso dada su actitud agresiva y err\u00e1tica; Solidaridad Obrera quiere poner en conocimiento de toda la clase trabajadora que ha tomado la decisi\u00f3n de no participar en ninguna reuni\u00f3n en \u00e1mbitos compartidos en la que Santiago Alonso represente a la CGT hasta que no se aclaren los hechos denunciados por Madres contra la Represi\u00f3n.<\/p>\n<p style=\"text-align: right;\">En Madrid, a 12 de junio de 2018.<\/p>\n<p style=\"text-align: right;\">Confederaci\u00f3n Sindical Solidaridad Obrera<\/p>\n<p>&nbsp;<\/p>\n<p>&nbsp;<\/p>\n<p>Enlace al comunicado de Madres contra la Represi\u00f3n: <a href=\"http:\/\/kaosenlared.net\/comunicado-por-la-agresion-a-una-companera-de-madres-contra-la-represion\/\">http:\/\/kaosenlared.net\/comunicado-por-la-agresion-a-una-companera-de-madres-contra-la-represion\/<\/a><\/p>\n","protected":false},"excerpt":{"rendered":"<p>Mediante la lectura de un reciente comunicado de Madres contra la Represi\u00f3n, Solidaridad Obrera ha tenido conocimiento de las acusaciones realizadas por dicha organizaci\u00f3n contra Santiago Alonso, secretario de Acci\u00f3n [&hellip;]<\/p>\n","protected":false},"author":4,"featured_media":0,"comment_status":"open","ping_status":"open","sticky":false,"template":"","format":"standard","meta":{"postBodyCss":"","postBodyMargin":[],"postBodyPadding":[],"postBodyBackground":{"backgroundType":"classic","gradient":""},"ngg_post_thumbnail":0,"footnotes":""},"categories":[152,212],"tags":[430,431,429,432],"class_list":["post-5928","post","type-post","status-publish","format-standard","hentry","category-campanas-y-actos","category-confederal","tag-feminismo","tag-madrescontralarepresion","tag-pilargomez","tag-stap"],"yoast_head":"<!-- This site is optimized with the Yoast SEO plugin v27.5 - https:\/\/yoast.com\/product\/yoast-seo-wordpress\/ -->\n<title>SOLIDARIDAD OBRERA ANTE EL COMUNICADO DE MADRES CONTRA LA REPRESI\u00d3N QUE DENUNCIA AGRESIONES EN CGT. - CONFEDERACI\u00d3N SOLIDARIDAD OBRERA<\/title>\n<meta name=\"robots\" content=\"index, follow, max-snippet:-1, max-image-preview:large, max-video-preview:-1\" \/>\n<link rel=\"canonical\" href=\"https:\/\/www.solidaridadobrera.org\/confederal\/2018\/06\/26\/solidaridad-obrera-ante-el-comunicado-de-madres-contra-la-represion-que-denuncia-agresiones-en-cgt\/\" \/>\n<meta property=\"og:locale\" content=\"es_ES\" \/>\n<meta property=\"og:type\" content=\"article\" \/>\n<meta property=\"og:title\" content=\"SOLIDARIDAD OBRERA ANTE EL COMUNICADO DE MADRES CONTRA LA REPRESI\u00d3N QUE DENUNCIA AGRESIONES EN CGT. - CONFEDERACI\u00d3N SOLIDARIDAD OBRERA\" \/>\n<meta property=\"og:description\" content=\"Mediante la lectura de un reciente comunicado de Madres contra la Represi\u00f3n, Solidaridad Obrera ha tenido conocimiento de las acusaciones realizadas por dicha organizaci\u00f3n contra Santiago Alonso, secretario de Acci\u00f3n [&hellip;]\" \/>\n<meta property=\"og:url\" content=\"https:\/\/www.solidaridadobrera.org\/confederal\/2018\/06\/26\/solidaridad-obrera-ante-el-comunicado-de-madres-contra-la-represion-que-denuncia-agresiones-en-cgt\/\" \/>\n<meta property=\"og:site_name\" content=\"CONFEDERACI\u00d3N SOLIDARIDAD OBRERA\" \/>\n<meta property=\"article:publisher\" content=\"https:\/\/es-es.facebook.com\/Soliobrera\" \/>\n<meta property=\"article:published_time\" content=\"2018-06-26T10:42:31+00:00\" \/>\n<meta property=\"article:modified_time\" content=\"2018-06-26T23:25:10+00:00\" \/>\n<meta property=\"og:image\" content=\"http:\/\/www.solidaridadobrera.org\/wp-content\/uploads\/2018\/06\/Pilar-Gomez-STAP-CGT-156x300.jpg\" \/>\n<meta name=\"author\" content=\"Seccion Metro de Madrid\" \/>\n<meta name=\"twitter:card\" content=\"summary_large_image\" \/>\n<meta name=\"twitter:label1\" content=\"Escrito por\" \/>\n\t<meta name=\"twitter:data1\" content=\"Seccion Metro de Madrid\" \/>\n\t<meta name=\"twitter:label2\" content=\"Tiempo de lectura\" \/>\n\t<meta name=\"twitter:data2\" content=\"2 minutos\" \/>\n<script type=\"application\/ld+json\" class=\"yoast-schema-graph\">{\"@context\":\"https:\\\/\\\/schema.org\",\"@graph\":[{\"@type\":\"Article\",\"@id\":\"https:\\\/\\\/www.solidaridadobrera.org\\\/confederal\\\/2018\\\/06\\\/26\\\/solidaridad-obrera-ante-el-comunicado-de-madres-contra-la-represion-que-denuncia-agresiones-en-cgt\\\/#article\",\"isPartOf\":{\"@id\":\"https:\\\/\\\/www.solidaridadobrera.org\\\/confederal\\\/2018\\\/06\\\/26\\\/solidaridad-obrera-ante-el-comunicado-de-madres-contra-la-represion-que-denuncia-agresiones-en-cgt\\\/\"},\"author\":{\"name\":\"Seccion Metro de Madrid\",\"@id\":\"https:\\\/\\\/www.solidaridadobrera.org\\\/confederal\\\/#\\\/schema\\\/person\\\/a43d602d56a78f576b9d9efe2a596475\"},\"headline\":\"SOLIDARIDAD OBRERA ANTE EL COMUNICADO DE MADRES CONTRA LA REPRESI\u00d3N QUE DENUNCIA AGRESIONES EN CGT.\",\"datePublished\":\"2018-06-26T10:42:31+00:00\",\"dateModified\":\"2018-06-26T23:25:10+00:00\",\"mainEntityOfPage\":{\"@id\":\"https:\\\/\\\/www.solidaridadobrera.org\\\/confederal\\\/2018\\\/06\\\/26\\\/solidaridad-obrera-ante-el-comunicado-de-madres-contra-la-represion-que-denuncia-agresiones-en-cgt\\\/\"},\"wordCount\":463,\"commentCount\":0,\"publisher\":{\"@id\":\"https:\\\/\\\/www.solidaridadobrera.org\\\/confederal\\\/#organization\"},\"image\":{\"@id\":\"https:\\\/\\\/www.solidaridadobrera.org\\\/confederal\\\/2018\\\/06\\\/26\\\/solidaridad-obrera-ante-el-comunicado-de-madres-contra-la-represion-que-denuncia-agresiones-en-cgt\\\/#primaryimage\"},\"thumbnailUrl\":\"http:\\\/\\\/www.solidaridadobrera.org\\\/wp-content\\\/uploads\\\/2018\\\/06\\\/Pilar-Gomez-STAP-CGT-156x300.jpg\",\"keywords\":[\"feminismo\",\"MadrescontralaRepresion\",\"PilarGomez\",\"STAP\"],\"articleSection\":[\"Campa\u00f1as y Actos\",\"Confederal\"],\"inLanguage\":\"es\",\"potentialAction\":[{\"@type\":\"CommentAction\",\"name\":\"Comment\",\"target\":[\"https:\\\/\\\/www.solidaridadobrera.org\\\/confederal\\\/2018\\\/06\\\/26\\\/solidaridad-obrera-ante-el-comunicado-de-madres-contra-la-represion-que-denuncia-agresiones-en-cgt\\\/#respond\"]}]},{\"@type\":\"WebPage\",\"@id\":\"https:\\\/\\\/www.solidaridadobrera.org\\\/confederal\\\/2018\\\/06\\\/26\\\/solidaridad-obrera-ante-el-comunicado-de-madres-contra-la-represion-que-denuncia-agresiones-en-cgt\\\/\",\"url\":\"https:\\\/\\\/www.solidaridadobrera.org\\\/confederal\\\/2018\\\/06\\\/26\\\/solidaridad-obrera-ante-el-comunicado-de-madres-contra-la-represion-que-denuncia-agresiones-en-cgt\\\/\",\"name\":\"SOLIDARIDAD OBRERA ANTE EL COMUNICADO DE MADRES CONTRA LA REPRESI\u00d3N QUE DENUNCIA AGRESIONES EN CGT. - CONFEDERACI\u00d3N SOLIDARIDAD OBRERA\",\"isPartOf\":{\"@id\":\"https:\\\/\\\/www.solidaridadobrera.org\\\/confederal\\\/#website\"},\"primaryImageOfPage\":{\"@id\":\"https:\\\/\\\/www.solidaridadobrera.org\\\/confederal\\\/2018\\\/06\\\/26\\\/solidaridad-obrera-ante-el-comunicado-de-madres-contra-la-represion-que-denuncia-agresiones-en-cgt\\\/#primaryimage\"},\"image\":{\"@id\":\"https:\\\/\\\/www.solidaridadobrera.org\\\/confederal\\\/2018\\\/06\\\/26\\\/solidaridad-obrera-ante-el-comunicado-de-madres-contra-la-represion-que-denuncia-agresiones-en-cgt\\\/#primaryimage\"},\"thumbnailUrl\":\"http:\\\/\\\/www.solidaridadobrera.org\\\/wp-content\\\/uploads\\\/2018\\\/06\\\/Pilar-Gomez-STAP-CGT-156x300.jpg\",\"datePublished\":\"2018-06-26T10:42:31+00:00\",\"dateModified\":\"2018-06-26T23:25:10+00:00\",\"breadcrumb\":{\"@id\":\"https:\\\/\\\/www.solidaridadobrera.org\\\/confederal\\\/2018\\\/06\\\/26\\\/solidaridad-obrera-ante-el-comunicado-de-madres-contra-la-represion-que-denuncia-agresiones-en-cgt\\\/#breadcrumb\"},\"inLanguage\":\"es\",\"potentialAction\":[{\"@type\":\"ReadAction\",\"target\":[\"https:\\\/\\\/www.solidaridadobrera.org\\\/confederal\\\/2018\\\/06\\\/26\\\/solidaridad-obrera-ante-el-comunicado-de-madres-contra-la-represion-que-denuncia-agresiones-en-cgt\\\/\"]}]},{\"@type\":\"ImageObject\",\"inLanguage\":\"es\",\"@id\":\"https:\\\/\\\/www.solidaridadobrera.org\\\/confederal\\\/2018\\\/06\\\/26\\\/solidaridad-obrera-ante-el-comunicado-de-madres-contra-la-represion-que-denuncia-agresiones-en-cgt\\\/#primaryimage\",\"url\":\"http:\\\/\\\/www.solidaridadobrera.org\\\/wp-content\\\/uploads\\\/2018\\\/06\\\/Pilar-Gomez-STAP-CGT-156x300.jpg\",\"contentUrl\":\"http:\\\/\\\/www.solidaridadobrera.org\\\/wp-content\\\/uploads\\\/2018\\\/06\\\/Pilar-Gomez-STAP-CGT-156x300.jpg\"},{\"@type\":\"BreadcrumbList\",\"@id\":\"https:\\\/\\\/www.solidaridadobrera.org\\\/confederal\\\/2018\\\/06\\\/26\\\/solidaridad-obrera-ante-el-comunicado-de-madres-contra-la-represion-que-denuncia-agresiones-en-cgt\\\/#breadcrumb\",\"itemListElement\":[{\"@type\":\"ListItem\",\"position\":1,\"name\":\"Portada\",\"item\":\"https:\\\/\\\/www.solidaridadobrera.org\\\/confederal\\\/\"},{\"@type\":\"ListItem\",\"position\":2,\"name\":\"SOLIDARIDAD OBRERA ANTE EL COMUNICADO DE MADRES CONTRA LA REPRESI\u00d3N QUE DENUNCIA AGRESIONES EN CGT.\"}]},{\"@type\":\"WebSite\",\"@id\":\"https:\\\/\\\/www.solidaridadobrera.org\\\/confederal\\\/#website\",\"url\":\"https:\\\/\\\/www.solidaridadobrera.org\\\/confederal\\\/\",\"name\":\"SOLIDARIDAD OBRERA\",\"description\":\"Confederaci\u00f3n Anarcosindicalista. La lucha es el \u00fanico camino.\",\"publisher\":{\"@id\":\"https:\\\/\\\/www.solidaridadobrera.org\\\/confederal\\\/#organization\"},\"potentialAction\":[{\"@type\":\"SearchAction\",\"target\":{\"@type\":\"EntryPoint\",\"urlTemplate\":\"https:\\\/\\\/www.solidaridadobrera.org\\\/confederal\\\/?s={search_term_string}\"},\"query-input\":{\"@type\":\"PropertyValueSpecification\",\"valueRequired\":true,\"valueName\":\"search_term_string\"}}],\"inLanguage\":\"es\"},{\"@type\":\"Organization\",\"@id\":\"https:\\\/\\\/www.solidaridadobrera.org\\\/confederal\\\/#organization\",\"name\":\"Solidaridad Obrera\",\"url\":\"https:\\\/\\\/www.solidaridadobrera.org\\\/confederal\\\/\",\"logo\":{\"@type\":\"ImageObject\",\"inLanguage\":\"es\",\"@id\":\"https:\\\/\\\/www.solidaridadobrera.org\\\/confederal\\\/#\\\/schema\\\/logo\\\/image\\\/\",\"url\":\"https:\\\/\\\/www.solidaridadobrera.org\\\/confederal\\\/wp-content\\\/uploads\\\/2021\\\/07\\\/logo_soli_web.png\",\"contentUrl\":\"https:\\\/\\\/www.solidaridadobrera.org\\\/confederal\\\/wp-content\\\/uploads\\\/2021\\\/07\\\/logo_soli_web.png\",\"width\":1181,\"height\":1181,\"caption\":\"Solidaridad Obrera\"},\"image\":{\"@id\":\"https:\\\/\\\/www.solidaridadobrera.org\\\/confederal\\\/#\\\/schema\\\/logo\\\/image\\\/\"},\"sameAs\":[\"https:\\\/\\\/es-es.facebook.com\\\/Soliobrera\",\"https:\\\/\\\/www.instagram.com\\\/soliobrera\\\/\",\"https:\\\/\\\/web.telegram.org\\\/a\\\/#-1001124968543\"]},{\"@type\":\"Person\",\"@id\":\"https:\\\/\\\/www.solidaridadobrera.org\\\/confederal\\\/#\\\/schema\\\/person\\\/a43d602d56a78f576b9d9efe2a596475\",\"name\":\"Seccion Metro de Madrid\",\"image\":{\"@type\":\"ImageObject\",\"inLanguage\":\"es\",\"@id\":\"https:\\\/\\\/secure.gravatar.com\\\/avatar\\\/007cefbbc527a2d7a463774093b487ff41706952d3cbd0489c0a7d50e2265741?s=96&d=mm&r=g\",\"url\":\"https:\\\/\\\/secure.gravatar.com\\\/avatar\\\/007cefbbc527a2d7a463774093b487ff41706952d3cbd0489c0a7d50e2265741?s=96&d=mm&r=g\",\"contentUrl\":\"https:\\\/\\\/secure.gravatar.com\\\/avatar\\\/007cefbbc527a2d7a463774093b487ff41706952d3cbd0489c0a7d50e2265741?s=96&d=mm&r=g\",\"caption\":\"Seccion Metro de Madrid\"},\"url\":\"https:\\\/\\\/www.solidaridadobrera.org\\\/confederal\\\/author\\\/seccion-metro-de-madrid\\\/\"}]}<\/script>\n<!-- \/ Yoast SEO plugin. -->","yoast_head_json":{"title":"SOLIDARIDAD OBRERA ANTE EL COMUNICADO DE MADRES CONTRA LA REPRESI\u00d3N QUE DENUNCIA AGRESIONES EN CGT. - CONFEDERACI\u00d3N SOLIDARIDAD OBRERA","robots":{"index":"index","follow":"follow","max-snippet":"max-snippet:-1","max-image-preview":"max-image-preview:large","max-video-preview":"max-video-preview:-1"},"canonical":"https:\/\/www.solidaridadobrera.org\/confederal\/2018\/06\/26\/solidaridad-obrera-ante-el-comunicado-de-madres-contra-la-represion-que-denuncia-agresiones-en-cgt\/","og_locale":"es_ES","og_type":"article","og_title":"SOLIDARIDAD OBRERA ANTE EL COMUNICADO DE MADRES CONTRA LA REPRESI\u00d3N QUE DENUNCIA AGRESIONES EN CGT. - CONFEDERACI\u00d3N SOLIDARIDAD OBRERA","og_description":"Mediante la lectura de un reciente comunicado de Madres contra la Represi\u00f3n, Solidaridad Obrera ha tenido conocimiento de las acusaciones realizadas por dicha organizaci\u00f3n contra Santiago Alonso, secretario de Acci\u00f3n [&hellip;]","og_url":"https:\/\/www.solidaridadobrera.org\/confederal\/2018\/06\/26\/solidaridad-obrera-ante-el-comunicado-de-madres-contra-la-represion-que-denuncia-agresiones-en-cgt\/","og_site_name":"CONFEDERACI\u00d3N SOLIDARIDAD OBRERA","article_publisher":"https:\/\/es-es.facebook.com\/Soliobrera","article_published_time":"2018-06-26T10:42:31+00:00","article_modified_time":"2018-06-26T23:25:10+00:00","og_image":[{"url":"http:\/\/www.solidaridadobrera.org\/wp-content\/uploads\/2018\/06\/Pilar-Gomez-STAP-CGT-156x300.jpg","type":"","width":"","height":""}],"author":"Seccion Metro de Madrid","twitter_card":"summary_large_image","twitter_misc":{"Escrito por":"Seccion Metro de Madrid","Tiempo de lectura":"2 minutos"},"schema":{"@context":"https:\/\/schema.org","@graph":[{"@type":"Article","@id":"https:\/\/www.solidaridadobrera.org\/confederal\/2018\/06\/26\/solidaridad-obrera-ante-el-comunicado-de-madres-contra-la-represion-que-denuncia-agresiones-en-cgt\/#article","isPartOf":{"@id":"https:\/\/www.solidaridadobrera.org\/confederal\/2018\/06\/26\/solidaridad-obrera-ante-el-comunicado-de-madres-contra-la-represion-que-denuncia-agresiones-en-cgt\/"},"author":{"name":"Seccion Metro de Madrid","@id":"https:\/\/www.solidaridadobrera.org\/confederal\/#\/schema\/person\/a43d602d56a78f576b9d9efe2a596475"},"headline":"SOLIDARIDAD OBRERA ANTE EL COMUNICADO DE MADRES CONTRA LA REPRESI\u00d3N QUE DENUNCIA AGRESIONES EN CGT.","datePublished":"2018-06-26T10:42:31+00:00","dateModified":"2018-06-26T23:25:10+00:00","mainEntityOfPage":{"@id":"https:\/\/www.solidaridadobrera.org\/confederal\/2018\/06\/26\/solidaridad-obrera-ante-el-comunicado-de-madres-contra-la-represion-que-denuncia-agresiones-en-cgt\/"},"wordCount":463,"commentCount":0,"publisher":{"@id":"https:\/\/www.solidaridadobrera.org\/confederal\/#organization"},"image":{"@id":"https:\/\/www.solidaridadobrera.org\/confederal\/2018\/06\/26\/solidaridad-obrera-ante-el-comunicado-de-madres-contra-la-represion-que-denuncia-agresiones-en-cgt\/#primaryimage"},"thumbnailUrl":"http:\/\/www.solidaridadobrera.org\/wp-content\/uploads\/2018\/06\/Pilar-Gomez-STAP-CGT-156x300.jpg","keywords":["feminismo","MadrescontralaRepresion","PilarGomez","STAP"],"articleSection":["Campa\u00f1as y Actos","Confederal"],"inLanguage":"es","potentialAction":[{"@type":"CommentAction","name":"Comment","target":["https:\/\/www.solidaridadobrera.org\/confederal\/2018\/06\/26\/solidaridad-obrera-ante-el-comunicado-de-madres-contra-la-represion-que-denuncia-agresiones-en-cgt\/#respond"]}]},{"@type":"WebPage","@id":"https:\/\/www.solidaridadobrera.org\/confederal\/2018\/06\/26\/solidaridad-obrera-ante-el-comunicado-de-madres-contra-la-represion-que-denuncia-agresiones-en-cgt\/","url":"https:\/\/www.solidaridadobrera.org\/confederal\/2018\/06\/26\/solidaridad-obrera-ante-el-comunicado-de-madres-contra-la-represion-que-denuncia-agresiones-en-cgt\/","name":"SOLIDARIDAD OBRERA ANTE EL COMUNICADO DE MADRES CONTRA LA REPRESI\u00d3N QUE DENUNCIA AGRESIONES EN CGT. - CONFEDERACI\u00d3N SOLIDARIDAD OBRERA","isPartOf":{"@id":"https:\/\/www.solidaridadobrera.org\/confederal\/#website"},"primaryImageOfPage":{"@id":"https:\/\/www.solidaridadobrera.org\/confederal\/2018\/06\/26\/solidaridad-obrera-ante-el-comunicado-de-madres-contra-la-represion-que-denuncia-agresiones-en-cgt\/#primaryimage"},"image":{"@id":"https:\/\/www.solidaridadobrera.org\/confederal\/2018\/06\/26\/solidaridad-obrera-ante-el-comunicado-de-madres-contra-la-represion-que-denuncia-agresiones-en-cgt\/#primaryimage"},"thumbnailUrl":"http:\/\/www.solidaridadobrera.org\/wp-content\/uploads\/2018\/06\/Pilar-Gomez-STAP-CGT-156x300.jpg","datePublished":"2018-06-26T10:42:31+00:00","dateModified":"2018-06-26T23:25:10+00:00","breadcrumb":{"@id":"https:\/\/www.solidaridadobrera.org\/confederal\/2018\/06\/26\/solidaridad-obrera-ante-el-comunicado-de-madres-contra-la-represion-que-denuncia-agresiones-en-cgt\/#breadcrumb"},"inLanguage":"es","potentialAction":[{"@type":"ReadAction","target":["https:\/\/www.solidaridadobrera.org\/confederal\/2018\/06\/26\/solidaridad-obrera-ante-el-comunicado-de-madres-contra-la-represion-que-denuncia-agresiones-en-cgt\/"]}]},{"@type":"ImageObject","inLanguage":"es","@id":"https:\/\/www.solidaridadobrera.org\/confederal\/2018\/06\/26\/solidaridad-obrera-ante-el-comunicado-de-madres-contra-la-represion-que-denuncia-agresiones-en-cgt\/#primaryimage","url":"http:\/\/www.solidaridadobrera.org\/wp-content\/uploads\/2018\/06\/Pilar-Gomez-STAP-CGT-156x300.jpg","contentUrl":"http:\/\/www.solidaridadobrera.org\/wp-content\/uploads\/2018\/06\/Pilar-Gomez-STAP-CGT-156x300.jpg"},{"@type":"BreadcrumbList","@id":"https:\/\/www.solidaridadobrera.org\/confederal\/2018\/06\/26\/solidaridad-obrera-ante-el-comunicado-de-madres-contra-la-represion-que-denuncia-agresiones-en-cgt\/#breadcrumb","itemListElement":[{"@type":"ListItem","position":1,"name":"Portada","item":"https:\/\/www.solidaridadobrera.org\/confederal\/"},{"@type":"ListItem","position":2,"name":"SOLIDARIDAD OBRERA ANTE EL COMUNICADO DE MADRES CONTRA LA REPRESI\u00d3N QUE DENUNCIA AGRESIONES EN CGT."}]},{"@type":"WebSite","@id":"https:\/\/www.solidaridadobrera.org\/confederal\/#website","url":"https:\/\/www.solidaridadobrera.org\/confederal\/","name":"SOLIDARIDAD OBRERA","description":"Confederaci\u00f3n Anarcosindicalista. La lucha es el \u00fanico camino.","publisher":{"@id":"https:\/\/www.solidaridadobrera.org\/confederal\/#organization"},"potentialAction":[{"@type":"SearchAction","target":{"@type":"EntryPoint","urlTemplate":"https:\/\/www.solidaridadobrera.org\/confederal\/?s={search_term_string}"},"query-input":{"@type":"PropertyValueSpecification","valueRequired":true,"valueName":"search_term_string"}}],"inLanguage":"es"},{"@type":"Organization","@id":"https:\/\/www.solidaridadobrera.org\/confederal\/#organization","name":"Solidaridad Obrera","url":"https:\/\/www.solidaridadobrera.org\/confederal\/","logo":{"@type":"ImageObject","inLanguage":"es","@id":"https:\/\/www.solidaridadobrera.org\/confederal\/#\/schema\/logo\/image\/","url":"https:\/\/www.solidaridadobrera.org\/confederal\/wp-content\/uploads\/2021\/07\/logo_soli_web.png","contentUrl":"https:\/\/www.solidaridadobrera.org\/confederal\/wp-content\/uploads\/2021\/07\/logo_soli_web.png","width":1181,"height":1181,"caption":"Solidaridad Obrera"},"image":{"@id":"https:\/\/www.solidaridadobrera.org\/confederal\/#\/schema\/logo\/image\/"},"sameAs":["https:\/\/es-es.facebook.com\/Soliobrera","https:\/\/www.instagram.com\/soliobrera\/","https:\/\/web.telegram.org\/a\/#-1001124968543"]},{"@type":"Person","@id":"https:\/\/www.solidaridadobrera.org\/confederal\/#\/schema\/person\/a43d602d56a78f576b9d9efe2a596475","name":"Seccion Metro de Madrid","image":{"@type":"ImageObject","inLanguage":"es","@id":"https:\/\/secure.gravatar.com\/avatar\/007cefbbc527a2d7a463774093b487ff41706952d3cbd0489c0a7d50e2265741?s=96&d=mm&r=g","url":"https:\/\/secure.gravatar.com\/avatar\/007cefbbc527a2d7a463774093b487ff41706952d3cbd0489c0a7d50e2265741?s=96&d=mm&r=g","contentUrl":"https:\/\/secure.gravatar.com\/avatar\/007cefbbc527a2d7a463774093b487ff41706952d3cbd0489c0a7d50e2265741?s=96&d=mm&r=g","caption":"Seccion Metro de Madrid"},"url":"https:\/\/www.solidaridadobrera.org\/confederal\/author\/seccion-metro-de-madrid\/"}]}},"_links":{"self":[{"href":"https:\/\/www.solidaridadobrera.org\/confederal\/wp-json\/wp\/v2\/posts\/5928","targetHints":{"allow":["GET"]}}],"collection":[{"href":"https:\/\/www.solidaridadobrera.org\/confederal\/wp-json\/wp\/v2\/posts"}],"about":[{"href":"https:\/\/www.solidaridadobrera.org\/confederal\/wp-json\/wp\/v2\/types\/post"}],"author":[{"embeddable":true,"href":"https:\/\/www.solidaridadobrera.org\/confederal\/wp-json\/wp\/v2\/users\/4"}],"replies":[{"embeddable":true,"href":"https:\/\/www.solidaridadobrera.org\/confederal\/wp-json\/wp\/v2\/comments?post=5928"}],"version-history":[{"count":2,"href":"https:\/\/www.solidaridadobrera.org\/confederal\/wp-json\/wp\/v2\/posts\/5928\/revisions"}],"predecessor-version":[{"id":5959,"href":"https:\/\/www.solidaridadobrera.org\/confederal\/wp-json\/wp\/v2\/posts\/5928\/revisions\/5959"}],"wp:attachment":[{"href":"https:\/\/www.solidaridadobrera.org\/confederal\/wp-json\/wp\/v2\/media?parent=5928"}],"wp:term":[{"taxonomy":"category","embeddable":true,"href":"https:\/\/www.solidaridadobrera.org\/confederal\/wp-json\/wp\/v2\/categories?post=5928"},{"taxonomy":"post_tag","embeddable":true,"href":"https:\/\/www.solidaridadobrera.org\/confederal\/wp-json\/wp\/v2\/tags?post=5928"}],"curies":[{"name":"wp","href":"https:\/\/api.w.org\/{rel}","templated":true}]}}