{"id":1734,"date":"2015-04-23T01:44:50","date_gmt":"2015-04-23T01:44:50","guid":{"rendered":"http:\/\/www.solidaridadobrera.org\/2015\/04\/23\/un-delgado-rictus-de-volteriana-sorna\/"},"modified":"2015-04-23T01:44:50","modified_gmt":"2015-04-23T01:44:50","slug":"un-delgado-rictus-de-volteriana-sorna","status":"publish","type":"post","link":"https:\/\/www.solidaridadobrera.org\/confederal\/2015\/04\/23\/un-delgado-rictus-de-volteriana-sorna\/","title":{"rendered":"UN DELGADO RICTUS DE VOLTERIANA SORNA"},"content":{"rendered":"<p style=\"margin-bottom: 0cm; line-height: 120%;\" align=\"CENTER\"><span style=\"color: #000000;\"><span style=\"font-family: 'Times New Roman', 'Times New Roman PS', serif;\"><span style=\"font-size: medium;\">UN DELGADO RICTUS DE VOLTERIANA SORNA<\/span><\/span><\/span><\/p>\n<p style=\"text-indent: 0.2cm; margin-top: 0.2cm; margin-bottom: 0cm; line-height: 120%;\" align=\"RIGHT\"><span style=\"color: #000000;\"><span style=\"font-family: 'Times New Roman', 'Times New Roman PS', serif;\"><span style=\"font-size: medium;\"><em>Discutir con pasi\u00f3n de la rodilla de un futbolista o del muslo herido de un matador de toros. Toros ellos mismos, o  ni siquiera eso, mansos felices que hablan con arrogancia de lo permitido, y se permiten condenar lo condenado, triste reba\u00f1o de bueyes sin cencerro, pasto de aprovechados y de hip\u00f3critas.<\/em><\/span><\/span><\/span><\/p>\n<p style=\"text-indent: 0.2cm; margin-bottom: 0cm; line-height: 120%;\" align=\"RIGHT\"><span style=\"color: #000000;\"><span style=\"font-family: 'Times New Roman', 'Times New Roman PS', serif;\"><span style=\"font-size: medium;\">Juan Goytisolo:<\/span><\/span><\/span><\/p>\n<p style=\"text-indent: 0.2cm; margin-bottom: 0cm; line-height: 120%;\" align=\"RIGHT\"><span style=\"color: #000000;\"><span style=\"font-family: 'Times New Roman', 'Times New Roman PS', serif;\"><span style=\"font-size: medium;\">Se\u00f1as de identidad<\/span><\/span><\/span><\/p>\n<p style=\"text-indent: 0.2cm; margin-top: 0.2cm; margin-bottom: 0cm; line-height: 120%;\" align=\"JUSTIFY\"><span style=\"color: #000000;\"><span style=\"font-family: 'Times New Roman', 'Times New Roman PS', serif;\"><span style=\"font-size: medium;\">Fascinados como polillas por la luz, aquellos que se sienten atra\u00eddos por el resplandor del poder del Comit\u00e9 de Empresa, no dudan en reinventarnos, cada vez, supuestas organizaciones que seg\u00fan ellos van a ser \u201cla soluci\u00f3n final\u201d a todos los problemas que afligen a la desdichada clase obrera; lo cual en el fondo no deja de ser mas que un disparate tonto, aunque muy \u00fatil (para el sistema y para ellos, claro). Pero a poco que nos fijemos veremos que tan solo se trata de unos loros ceremoniosos, cigarras absortas o urracas ennoblecidas. Unos simples primates beta con ansia de ser alfas que dicen tonter\u00edas sin parar aunque para nuestra desgracia \u00e9stas se extienden, hacen met\u00e1stasis.<\/span><\/span><\/span><\/p>\n<p style=\"text-indent: 0.2cm; margin-bottom: 0cm; line-height: 120%;\" align=\"JUSTIFY\"><span style=\"color: #000000;\"><span style=\"font-family: 'Times New Roman', 'Times New Roman PS', serif;\"><span style=\"font-size: medium;\">Nuevos \u201csindicatos\u201d (o eso dicen) que pretenden alcanzar la representaci\u00f3n de los trabajadores. En unos casos con la \u00fanica intenci\u00f3n de vivir de la poltrona (sindicalisto hay que, como una prima donna, ha habitado o fundado y capitaneado hasta cuatro sindicatos en Metro, con tal de no apartarse del sol que m\u00e1s calienta), y en otros (seres prendados de su ombligo), con la creencia de que ellos s\u00ed que van a poder con la direcci\u00f3n, pues ellos s\u00ed que son h\u00e1biles negociantes, donde va a parar. Pero eso s\u00ed, presumiendo tambi\u00e9n de ser personas legales y decorosas, y actuando seg\u00fan las reglas en el cielo de lo instituido, lo permitido y lo tolerado. Aunque sin darse cuenta que quien respeta la legalidad no puede actuar contra el sistema. Vive en \u00e9l.<\/span><\/span><\/span><\/p>\n<p style=\"text-indent: 0.2cm; margin-bottom: 0cm; line-height: 120%;\" align=\"JUSTIFY\"><span style=\"color: #000000;\"><span style=\"font-family: 'Times New Roman', 'Times New Roman PS', serif;\"><span style=\"font-size: medium;\">Intentar cambiar aquello que nos rodea, implica transgredir lo instituido, atentar contra determinados intereses, desestabilizar instituciones y luchar contra la dictadura de la \u201cdemocracia\u201d \u201cburresa\u201d, y la correcci\u00f3n pol\u00edtica.<\/span><\/span><\/span><\/p>\n<p style=\"text-indent: 0.2cm; margin-bottom: 0cm; line-height: 120%;\" align=\"JUSTIFY\"><span style=\"color: #000000;\"><span style=\"font-family: 'Times New Roman', 'Times New Roman PS', serif;\"><span style=\"font-size: medium;\">A estos nuevos y a los antiguos que a lo largo de los a\u00f1os solo han sido pilares del sistema capitalista y de la empresa hay que enviarlos a tomar por el codo. Escucharles con  un delgado rictus de volteriana sorna y no creerse m\u00e1s sus melindres, sus cacareos y sus gestos. Pues si tienen alg\u00fan nombre, ese es traidores.<\/span><\/span><\/span><\/p>\n<p style=\"text-indent: 0.2cm; margin-bottom: 0cm; line-height: 120%;\" align=\"JUSTIFY\"><span style=\"color: #000000;\"><span style=\"font-family: 'Times New Roman', 'Times New Roman PS', serif;\"><span style=\"font-size: medium;\">Solidaridad Obrera tiene la obligaci\u00f3n de caminar en equilibrio sobre el filo de la trasgresi\u00f3n, entre lo tolerado y lo prohibido, entre lo legal y lo alegal, para as\u00ed poder subvertir el orden instituido y hacer que la clase trabajadora de Metro vuelva a recuperar el protagonismo de lucha que le corresponde.<\/span><\/span><\/span><\/p>\n<p style=\"text-indent: 0.2cm; margin-bottom: 0cm; line-height: 120%;\" align=\"JUSTIFY\"><span style=\"color: #000000;\"><span style=\"font-family: 'Times New Roman', 'Times New Roman PS', serif;\"><span style=\"font-size: medium;\">Solo devolviendo la voz y la capacidad de decisi\u00f3n a la clase obrera podr\u00e1 salirse de \u00e9ste marasmo est\u00e9ril.<\/span><\/span><\/span><\/p>\n<p style=\"text-indent: 0.2cm; margin-bottom: 0cm; line-height: 120%;\" align=\"JUSTIFY\"><span style=\"color: #000000;\"><span style=\"font-family: 'Times New Roman', 'Times New Roman PS', serif;\"><span style=\"font-size: medium;\">Y si no es as\u00ed, \u00bfacaso no ser\u00e1 que son felices?<\/span><\/span><\/span><\/p>\n<p style=\"text-indent: 0.2cm; margin-bottom: 0cm; line-height: 120%;\" align=\"JUSTIFY\"><span style=\"color: #000000;\"><span style=\"font-family: 'Times New Roman', 'Times New Roman PS', serif;\"><span style=\"font-size: medium;\">Si no te gusta como est\u00e1n las cosas, lucha y apoya a Solidaridad Obrera.<\/span><\/span><\/span><\/p>\n<p style=\"text-indent: 0.2cm; margin-top: 0.3cm; margin-bottom: 0cm; line-height: 120%;\" align=\"RIGHT\"><span style=\"color: #000000;\"><span style=\"font-family: 'Times New Roman', 'Times New Roman PS', serif;\"><span style=\"font-size: medium;\">Crescencio Carretero<\/span><\/span><\/span><\/p>\n<p style=\"text-indent: 0.2cm; margin-bottom: 0cm; line-height: 120%;\" align=\"RIGHT\"><span style=\"color: #000000;\"><span style=\"font-family: 'Times New Roman', 'Times New Roman PS', serif;\"><span style=\"font-size: medium;\">Ex T\u00e9cnico de L\u00ednea<\/span><\/span><\/span><\/p>\n<p>\u00a0<\/p>\n<p style=\"margin-bottom: 0cm;\">\u00a0<\/p>\n","protected":false},"excerpt":{"rendered":"<p>UN DELGADO RICTUS DE VOLTERIANA SORNA Discutir con pasi\u00f3n de la rodilla de un futbolista o del muslo herido de un matador de toros. Toros ellos mismos, o ni siquiera [&hellip;]<\/p>\n","protected":false},"author":3,"featured_media":0,"comment_status":"open","ping_status":"open","sticky":false,"template":"","format":"standard","meta":{"postBodyCss":"","postBodyMargin":[],"postBodyPadding":[],"postBodyBackground":{"backgroundType":"classic","gradient":""},"ngg_post_thumbnail":0,"footnotes":""},"categories":[170],"tags":[],"class_list":["post-1734","post","type-post","status-publish","format-standard","hentry","category-elecciones-sindicales-2015-metro-de-madrid"],"yoast_head":"<!-- This site is optimized with the Yoast SEO plugin v27.5 - https:\/\/yoast.com\/product\/yoast-seo-wordpress\/ -->\n<title>UN DELGADO RICTUS DE VOLTERIANA SORNA - CONFEDERACI\u00d3N SOLIDARIDAD OBRERA<\/title>\n<meta name=\"robots\" content=\"index, follow, max-snippet:-1, max-image-preview:large, max-video-preview:-1\" \/>\n<link rel=\"canonical\" href=\"https:\/\/www.solidaridadobrera.org\/confederal\/2015\/04\/23\/un-delgado-rictus-de-volteriana-sorna\/\" \/>\n<meta property=\"og:locale\" content=\"es_ES\" \/>\n<meta property=\"og:type\" content=\"article\" \/>\n<meta property=\"og:title\" content=\"UN DELGADO RICTUS DE VOLTERIANA SORNA - CONFEDERACI\u00d3N SOLIDARIDAD OBRERA\" \/>\n<meta property=\"og:description\" content=\"UN DELGADO RICTUS DE VOLTERIANA SORNA Discutir con pasi\u00f3n de la rodilla de un futbolista o del muslo herido de un matador de toros. Toros ellos mismos, o ni siquiera [&hellip;]\" \/>\n<meta property=\"og:url\" content=\"https:\/\/www.solidaridadobrera.org\/confederal\/2015\/04\/23\/un-delgado-rictus-de-volteriana-sorna\/\" \/>\n<meta property=\"og:site_name\" content=\"CONFEDERACI\u00d3N SOLIDARIDAD OBRERA\" \/>\n<meta property=\"article:publisher\" content=\"https:\/\/es-es.facebook.com\/Soliobrera\" \/>\n<meta property=\"article:published_time\" content=\"2015-04-23T01:44:50+00:00\" \/>\n<meta name=\"author\" content=\"S.O.\" \/>\n<meta name=\"twitter:card\" content=\"summary_large_image\" \/>\n<meta name=\"twitter:label1\" content=\"Escrito por\" \/>\n\t<meta name=\"twitter:data1\" content=\"S.O.\" \/>\n\t<meta name=\"twitter:label2\" content=\"Tiempo de lectura\" \/>\n\t<meta name=\"twitter:data2\" content=\"3 minutos\" \/>\n<script type=\"application\/ld+json\" class=\"yoast-schema-graph\">{\"@context\":\"https:\\\/\\\/schema.org\",\"@graph\":[{\"@type\":\"Article\",\"@id\":\"https:\\\/\\\/www.solidaridadobrera.org\\\/confederal\\\/2015\\\/04\\\/23\\\/un-delgado-rictus-de-volteriana-sorna\\\/#article\",\"isPartOf\":{\"@id\":\"https:\\\/\\\/www.solidaridadobrera.org\\\/confederal\\\/2015\\\/04\\\/23\\\/un-delgado-rictus-de-volteriana-sorna\\\/\"},\"author\":{\"name\":\"S.O.\",\"@id\":\"https:\\\/\\\/www.solidaridadobrera.org\\\/confederal\\\/#\\\/schema\\\/person\\\/1d0b5cc67a7687e43ea0ce81cc07762b\"},\"headline\":\"UN DELGADO RICTUS DE VOLTERIANA SORNA\",\"datePublished\":\"2015-04-23T01:44:50+00:00\",\"mainEntityOfPage\":{\"@id\":\"https:\\\/\\\/www.solidaridadobrera.org\\\/confederal\\\/2015\\\/04\\\/23\\\/un-delgado-rictus-de-volteriana-sorna\\\/\"},\"wordCount\":535,\"commentCount\":0,\"publisher\":{\"@id\":\"https:\\\/\\\/www.solidaridadobrera.org\\\/confederal\\\/#organization\"},\"articleSection\":[\"Elecciones Sindicales 2015 Metro de Madrid\"],\"inLanguage\":\"es\",\"potentialAction\":[{\"@type\":\"CommentAction\",\"name\":\"Comment\",\"target\":[\"https:\\\/\\\/www.solidaridadobrera.org\\\/confederal\\\/2015\\\/04\\\/23\\\/un-delgado-rictus-de-volteriana-sorna\\\/#respond\"]}]},{\"@type\":\"WebPage\",\"@id\":\"https:\\\/\\\/www.solidaridadobrera.org\\\/confederal\\\/2015\\\/04\\\/23\\\/un-delgado-rictus-de-volteriana-sorna\\\/\",\"url\":\"https:\\\/\\\/www.solidaridadobrera.org\\\/confederal\\\/2015\\\/04\\\/23\\\/un-delgado-rictus-de-volteriana-sorna\\\/\",\"name\":\"UN DELGADO RICTUS DE VOLTERIANA SORNA - CONFEDERACI\u00d3N SOLIDARIDAD OBRERA\",\"isPartOf\":{\"@id\":\"https:\\\/\\\/www.solidaridadobrera.org\\\/confederal\\\/#website\"},\"datePublished\":\"2015-04-23T01:44:50+00:00\",\"breadcrumb\":{\"@id\":\"https:\\\/\\\/www.solidaridadobrera.org\\\/confederal\\\/2015\\\/04\\\/23\\\/un-delgado-rictus-de-volteriana-sorna\\\/#breadcrumb\"},\"inLanguage\":\"es\",\"potentialAction\":[{\"@type\":\"ReadAction\",\"target\":[\"https:\\\/\\\/www.solidaridadobrera.org\\\/confederal\\\/2015\\\/04\\\/23\\\/un-delgado-rictus-de-volteriana-sorna\\\/\"]}]},{\"@type\":\"BreadcrumbList\",\"@id\":\"https:\\\/\\\/www.solidaridadobrera.org\\\/confederal\\\/2015\\\/04\\\/23\\\/un-delgado-rictus-de-volteriana-sorna\\\/#breadcrumb\",\"itemListElement\":[{\"@type\":\"ListItem\",\"position\":1,\"name\":\"Portada\",\"item\":\"https:\\\/\\\/www.solidaridadobrera.org\\\/confederal\\\/\"},{\"@type\":\"ListItem\",\"position\":2,\"name\":\"UN DELGADO RICTUS DE VOLTERIANA SORNA\"}]},{\"@type\":\"WebSite\",\"@id\":\"https:\\\/\\\/www.solidaridadobrera.org\\\/confederal\\\/#website\",\"url\":\"https:\\\/\\\/www.solidaridadobrera.org\\\/confederal\\\/\",\"name\":\"SOLIDARIDAD OBRERA\",\"description\":\"Confederaci\u00f3n Anarcosindicalista. La lucha es el \u00fanico camino.\",\"publisher\":{\"@id\":\"https:\\\/\\\/www.solidaridadobrera.org\\\/confederal\\\/#organization\"},\"potentialAction\":[{\"@type\":\"SearchAction\",\"target\":{\"@type\":\"EntryPoint\",\"urlTemplate\":\"https:\\\/\\\/www.solidaridadobrera.org\\\/confederal\\\/?s={search_term_string}\"},\"query-input\":{\"@type\":\"PropertyValueSpecification\",\"valueRequired\":true,\"valueName\":\"search_term_string\"}}],\"inLanguage\":\"es\"},{\"@type\":\"Organization\",\"@id\":\"https:\\\/\\\/www.solidaridadobrera.org\\\/confederal\\\/#organization\",\"name\":\"Solidaridad Obrera\",\"url\":\"https:\\\/\\\/www.solidaridadobrera.org\\\/confederal\\\/\",\"logo\":{\"@type\":\"ImageObject\",\"inLanguage\":\"es\",\"@id\":\"https:\\\/\\\/www.solidaridadobrera.org\\\/confederal\\\/#\\\/schema\\\/logo\\\/image\\\/\",\"url\":\"https:\\\/\\\/www.solidaridadobrera.org\\\/confederal\\\/wp-content\\\/uploads\\\/2021\\\/07\\\/logo_soli_web.png\",\"contentUrl\":\"https:\\\/\\\/www.solidaridadobrera.org\\\/confederal\\\/wp-content\\\/uploads\\\/2021\\\/07\\\/logo_soli_web.png\",\"width\":1181,\"height\":1181,\"caption\":\"Solidaridad Obrera\"},\"image\":{\"@id\":\"https:\\\/\\\/www.solidaridadobrera.org\\\/confederal\\\/#\\\/schema\\\/logo\\\/image\\\/\"},\"sameAs\":[\"https:\\\/\\\/es-es.facebook.com\\\/Soliobrera\",\"https:\\\/\\\/www.instagram.com\\\/soliobrera\\\/\",\"https:\\\/\\\/web.telegram.org\\\/a\\\/#-1001124968543\"]},{\"@type\":\"Person\",\"@id\":\"https:\\\/\\\/www.solidaridadobrera.org\\\/confederal\\\/#\\\/schema\\\/person\\\/1d0b5cc67a7687e43ea0ce81cc07762b\",\"name\":\"S.O.\",\"image\":{\"@type\":\"ImageObject\",\"inLanguage\":\"es\",\"@id\":\"https:\\\/\\\/secure.gravatar.com\\\/avatar\\\/f428d50306ef38bf07edd4476779476fb6644d1239c4355b20775b8b86b85576?s=96&d=mm&r=g\",\"url\":\"https:\\\/\\\/secure.gravatar.com\\\/avatar\\\/f428d50306ef38bf07edd4476779476fb6644d1239c4355b20775b8b86b85576?s=96&d=mm&r=g\",\"contentUrl\":\"https:\\\/\\\/secure.gravatar.com\\\/avatar\\\/f428d50306ef38bf07edd4476779476fb6644d1239c4355b20775b8b86b85576?s=96&d=mm&r=g\",\"caption\":\"S.O.\"},\"url\":\"https:\\\/\\\/www.solidaridadobrera.org\\\/confederal\\\/author\\\/solidaridad-obrera\\\/\"}]}<\/script>\n<!-- \/ Yoast SEO plugin. -->","yoast_head_json":{"title":"UN DELGADO RICTUS DE VOLTERIANA SORNA - CONFEDERACI\u00d3N SOLIDARIDAD OBRERA","robots":{"index":"index","follow":"follow","max-snippet":"max-snippet:-1","max-image-preview":"max-image-preview:large","max-video-preview":"max-video-preview:-1"},"canonical":"https:\/\/www.solidaridadobrera.org\/confederal\/2015\/04\/23\/un-delgado-rictus-de-volteriana-sorna\/","og_locale":"es_ES","og_type":"article","og_title":"UN DELGADO RICTUS DE VOLTERIANA SORNA - CONFEDERACI\u00d3N SOLIDARIDAD OBRERA","og_description":"UN DELGADO RICTUS DE VOLTERIANA SORNA Discutir con pasi\u00f3n de la rodilla de un futbolista o del muslo herido de un matador de toros. Toros ellos mismos, o ni siquiera [&hellip;]","og_url":"https:\/\/www.solidaridadobrera.org\/confederal\/2015\/04\/23\/un-delgado-rictus-de-volteriana-sorna\/","og_site_name":"CONFEDERACI\u00d3N SOLIDARIDAD OBRERA","article_publisher":"https:\/\/es-es.facebook.com\/Soliobrera","article_published_time":"2015-04-23T01:44:50+00:00","author":"S.O.","twitter_card":"summary_large_image","twitter_misc":{"Escrito por":"S.O.","Tiempo de lectura":"3 minutos"},"schema":{"@context":"https:\/\/schema.org","@graph":[{"@type":"Article","@id":"https:\/\/www.solidaridadobrera.org\/confederal\/2015\/04\/23\/un-delgado-rictus-de-volteriana-sorna\/#article","isPartOf":{"@id":"https:\/\/www.solidaridadobrera.org\/confederal\/2015\/04\/23\/un-delgado-rictus-de-volteriana-sorna\/"},"author":{"name":"S.O.","@id":"https:\/\/www.solidaridadobrera.org\/confederal\/#\/schema\/person\/1d0b5cc67a7687e43ea0ce81cc07762b"},"headline":"UN DELGADO RICTUS DE VOLTERIANA SORNA","datePublished":"2015-04-23T01:44:50+00:00","mainEntityOfPage":{"@id":"https:\/\/www.solidaridadobrera.org\/confederal\/2015\/04\/23\/un-delgado-rictus-de-volteriana-sorna\/"},"wordCount":535,"commentCount":0,"publisher":{"@id":"https:\/\/www.solidaridadobrera.org\/confederal\/#organization"},"articleSection":["Elecciones Sindicales 2015 Metro de Madrid"],"inLanguage":"es","potentialAction":[{"@type":"CommentAction","name":"Comment","target":["https:\/\/www.solidaridadobrera.org\/confederal\/2015\/04\/23\/un-delgado-rictus-de-volteriana-sorna\/#respond"]}]},{"@type":"WebPage","@id":"https:\/\/www.solidaridadobrera.org\/confederal\/2015\/04\/23\/un-delgado-rictus-de-volteriana-sorna\/","url":"https:\/\/www.solidaridadobrera.org\/confederal\/2015\/04\/23\/un-delgado-rictus-de-volteriana-sorna\/","name":"UN DELGADO RICTUS DE VOLTERIANA SORNA - CONFEDERACI\u00d3N SOLIDARIDAD OBRERA","isPartOf":{"@id":"https:\/\/www.solidaridadobrera.org\/confederal\/#website"},"datePublished":"2015-04-23T01:44:50+00:00","breadcrumb":{"@id":"https:\/\/www.solidaridadobrera.org\/confederal\/2015\/04\/23\/un-delgado-rictus-de-volteriana-sorna\/#breadcrumb"},"inLanguage":"es","potentialAction":[{"@type":"ReadAction","target":["https:\/\/www.solidaridadobrera.org\/confederal\/2015\/04\/23\/un-delgado-rictus-de-volteriana-sorna\/"]}]},{"@type":"BreadcrumbList","@id":"https:\/\/www.solidaridadobrera.org\/confederal\/2015\/04\/23\/un-delgado-rictus-de-volteriana-sorna\/#breadcrumb","itemListElement":[{"@type":"ListItem","position":1,"name":"Portada","item":"https:\/\/www.solidaridadobrera.org\/confederal\/"},{"@type":"ListItem","position":2,"name":"UN DELGADO RICTUS DE VOLTERIANA SORNA"}]},{"@type":"WebSite","@id":"https:\/\/www.solidaridadobrera.org\/confederal\/#website","url":"https:\/\/www.solidaridadobrera.org\/confederal\/","name":"SOLIDARIDAD OBRERA","description":"Confederaci\u00f3n Anarcosindicalista. La lucha es el \u00fanico camino.","publisher":{"@id":"https:\/\/www.solidaridadobrera.org\/confederal\/#organization"},"potentialAction":[{"@type":"SearchAction","target":{"@type":"EntryPoint","urlTemplate":"https:\/\/www.solidaridadobrera.org\/confederal\/?s={search_term_string}"},"query-input":{"@type":"PropertyValueSpecification","valueRequired":true,"valueName":"search_term_string"}}],"inLanguage":"es"},{"@type":"Organization","@id":"https:\/\/www.solidaridadobrera.org\/confederal\/#organization","name":"Solidaridad Obrera","url":"https:\/\/www.solidaridadobrera.org\/confederal\/","logo":{"@type":"ImageObject","inLanguage":"es","@id":"https:\/\/www.solidaridadobrera.org\/confederal\/#\/schema\/logo\/image\/","url":"https:\/\/www.solidaridadobrera.org\/confederal\/wp-content\/uploads\/2021\/07\/logo_soli_web.png","contentUrl":"https:\/\/www.solidaridadobrera.org\/confederal\/wp-content\/uploads\/2021\/07\/logo_soli_web.png","width":1181,"height":1181,"caption":"Solidaridad Obrera"},"image":{"@id":"https:\/\/www.solidaridadobrera.org\/confederal\/#\/schema\/logo\/image\/"},"sameAs":["https:\/\/es-es.facebook.com\/Soliobrera","https:\/\/www.instagram.com\/soliobrera\/","https:\/\/web.telegram.org\/a\/#-1001124968543"]},{"@type":"Person","@id":"https:\/\/www.solidaridadobrera.org\/confederal\/#\/schema\/person\/1d0b5cc67a7687e43ea0ce81cc07762b","name":"S.O.","image":{"@type":"ImageObject","inLanguage":"es","@id":"https:\/\/secure.gravatar.com\/avatar\/f428d50306ef38bf07edd4476779476fb6644d1239c4355b20775b8b86b85576?s=96&d=mm&r=g","url":"https:\/\/secure.gravatar.com\/avatar\/f428d50306ef38bf07edd4476779476fb6644d1239c4355b20775b8b86b85576?s=96&d=mm&r=g","contentUrl":"https:\/\/secure.gravatar.com\/avatar\/f428d50306ef38bf07edd4476779476fb6644d1239c4355b20775b8b86b85576?s=96&d=mm&r=g","caption":"S.O."},"url":"https:\/\/www.solidaridadobrera.org\/confederal\/author\/solidaridad-obrera\/"}]}},"_links":{"self":[{"href":"https:\/\/www.solidaridadobrera.org\/confederal\/wp-json\/wp\/v2\/posts\/1734","targetHints":{"allow":["GET"]}}],"collection":[{"href":"https:\/\/www.solidaridadobrera.org\/confederal\/wp-json\/wp\/v2\/posts"}],"about":[{"href":"https:\/\/www.solidaridadobrera.org\/confederal\/wp-json\/wp\/v2\/types\/post"}],"author":[{"embeddable":true,"href":"https:\/\/www.solidaridadobrera.org\/confederal\/wp-json\/wp\/v2\/users\/3"}],"replies":[{"embeddable":true,"href":"https:\/\/www.solidaridadobrera.org\/confederal\/wp-json\/wp\/v2\/comments?post=1734"}],"version-history":[{"count":0,"href":"https:\/\/www.solidaridadobrera.org\/confederal\/wp-json\/wp\/v2\/posts\/1734\/revisions"}],"wp:attachment":[{"href":"https:\/\/www.solidaridadobrera.org\/confederal\/wp-json\/wp\/v2\/media?parent=1734"}],"wp:term":[{"taxonomy":"category","embeddable":true,"href":"https:\/\/www.solidaridadobrera.org\/confederal\/wp-json\/wp\/v2\/categories?post=1734"},{"taxonomy":"post_tag","embeddable":true,"href":"https:\/\/www.solidaridadobrera.org\/confederal\/wp-json\/wp\/v2\/tags?post=1734"}],"curies":[{"name":"wp","href":"https:\/\/api.w.org\/{rel}","templated":true}]}}