{"id":1717,"date":"2015-03-03T08:15:17","date_gmt":"2015-03-03T08:15:17","guid":{"rendered":"http:\/\/www.solidaridadobrera.org\/2015\/03\/03\/8-marzo\/"},"modified":"2016-09-24T16:15:49","modified_gmt":"2016-09-24T16:15:49","slug":"8-marzo","status":"publish","type":"post","link":"https:\/\/www.solidaridadobrera.org\/confederal\/2015\/03\/03\/8-marzo\/","title":{"rendered":"8 marzo"},"content":{"rendered":"<p class=\"MsoNormal\" style=\"margin-bottom: 6pt; text-align: center;\" align=\"center\"><strong><span style=\"font-size: 18.0pt; font-family: &quot;Bernard MT Condensed&quot;,&quot;serif&quot;;\"><img decoding=\"async\" src=\"images\/Manifiesto 8 Marzo.jpg\" border=\"0\" align=\"left\" \/>8MARZO Mujer Trabajadora<\/span><\/strong><\/p>\n<p class=\"MsoNormal\" style=\"margin-bottom: 2pt; text-align: justify; text-indent: 14.2pt;\"><span style=\"font-size: 10.0pt;\">Cuando a lo largo de todos estos a\u00f1os hemos conmemorado el <strong>8 de marzo <\/strong>como <strong>D\u00eda Internacional de la Mujer Trabajadora <\/strong>hemos visto como las condiciones de vida \u2013generales- de la mujer, entendiendo en ello las socio-econ\u00f3micas, no han experimentado avances, si no todo lo contrario: el machismo y patriarcado s\u00ed avanzan \u00a0en esta injusta sociedad. El \u201cn\u00famero\u201d de mujeres asesinadas por sus parejas o exparejas sigue siendo indignante y obsceno; al igual que la violencia y discriminaci\u00f3n \u201cdiaria y consentida\u201d. \u00a0Reivindicar un cambio de sistema, el fin del capitalismo con el consiguiente reparto de la riqueza es cada vez m\u00e1s necesario, m\u00e1s urgente, en todos los pa\u00edses del mundo al tiempo que es necesario hacer hincapi\u00e9 en la \u201cfeminizaci\u00f3n de la pobreza\u201d internacional.<\/span><\/p>\n<p class=\"MsoNormal\" style=\"margin-bottom: 2pt; text-align: justify; text-indent: 14.2pt;\"><span style=\"font-size: 10.0pt;\">En el \u00faltimo informe de la Fundaci\u00f3n FOESSA se incluye un cuaderno espec\u00edfico titulado \u201cLa pobreza en Espa\u00f1a desde una perspectiva de g\u00e9nero\u201d, en \u00e9l se hace un an\u00e1lisis exhaustivo de los indicadores de empleo, salariales, etc, del que pueden extraerse interesantes conclusiones. Aunque parece, \u00a0estad\u00edsticamente, cierto que estos indicadores se\u00f1alan que la <strong><em>feminizaci\u00f3n de la pobreza <\/em><\/strong>en Espa\u00f1a presenta un crecimiento menor que la de los hombres (1,3 frente al 3,7), no olvidemos que estos \u00edndices se hacen en comparaci\u00f3n con la pobreza en general y que no indica que la tendencia al empobrecimiento se haya frenado, sino que ha aumentado entre los hombres debido a que se vincula a la perdida de los puestos de trabajo, mientras que la menor vinculaci\u00f3n de las mujeres al mundo laboral hace que no se hayan resentido por esta tendencia, lo que no deja de ser preocupante.<\/span><\/p>\n<p class=\"MsoNormal\" style=\"margin-bottom: 2pt; text-align: justify; text-indent: 14.2pt;\"><span style=\"font-size: 10.0pt;\">La menor vinculaci\u00f3n de la mujer al mercado laboral es uno de los elementos clave en la desigualdad, la tambi\u00e9n\u00a0 <strong><em>feminizaci\u00f3n del paro<\/em><\/strong> aumenta la dificultad para superar la precariedad. La conquista del mercado laboral ha supuesto aceptar condiciones de empleo traducidas en brecha salarial por encima del 16%, empleos a tiempo parcial ocupados mayoritariamente por mujeres, dificultad (cuando no imposibilidad) de acceso a puestos \u00a0mejor remunerados, al tiempo que no ha habido ning\u00fan esfuerzo por fomentar la corresponsabilidad en las tareas del hogar y cuidados; tareas que por otro lado el sistema invisibiliza e ignora, tanto a la hora de remunerar, como de reconocer la esencialidad que para el mismo sistema estas labores tienen. <\/span><\/p>\n<p class=\"MsoNormal\" style=\"margin-bottom: 2pt; text-align: justify; text-indent: 14.2pt;\"><span style=\"font-size: 10.0pt;\">Y esto en cuanto a las mujeres que han podido acceder al mundo del trabajo, pero no olvidemos que las tasas del paro\u00a0 son muy desiguales entre mujeres y hombres, a\u00fan en el siglo XXI, seg\u00fan podemos observar en la EPA del IV trimestre de 2014 <sup>2 <\/sup>el desempleo en las mujeres es casi 2 puntos superior al de los hombres; estas diferencias se han reducido respecto a a\u00f1os anteriores, pero se han debido m\u00e1s a la p\u00e9rdida de empleo de los hombres que a la creaci\u00f3n de empleo ocupado por las mujeres.<\/span><\/p>\n<p class=\"MsoNormal\" style=\"margin-bottom: 2pt; text-align: justify; text-indent: 14.2pt;\"><span style=\"font-size: 10.0pt;\">Todo ello nos lleva a la reflexi\u00f3n sobre la verdadera evoluci\u00f3n hacia la igualdad entre hombres y mujeres, si estas cifras y situaciones nos permiten hablar de un cambio en el paradigma social, o m\u00e1s bien de un mantenimiento de las estructuras basadas en las diferencias de sexo y g\u00e9nero. Y sobre todo nos lleva a preguntarnos cu\u00e1nto tiempo m\u00e1s debe pasar para que podamos estar hablando de un mundo de personas, en el que nadie oprima a nadie, m\u00e1s all\u00e1 de las clases, por raz\u00f3n de su sexo. Nos lleva, pues a hacer un cuestionamiento del sistema, desde la perspectiva de g\u00e9nero, que conduce a reivindicar un aut\u00e9ntico cambio social y cultural.<\/span><\/p>\n<p>\u00a0<\/p>\n<p class=\"MsoNormal\" style=\"margin-bottom: 2pt; text-align: justify; text-indent: 14.2pt;\"><span style=\"font-size: 10.0pt;\">La lucha colectiva sigue siendo el \u00fanico camino, por ello las organizaciones sindicales y sociales que componemos el <strong>Bloque combativo y de clase<\/strong> llamamos a acudir a las manifestaciones del 8 de marzo para reivindicar el fin de patriarcado asesino y del capitalismo opresor.<\/span><\/p>\n<p class=\"MsoNormal\" style=\"margin-bottom: 0.0001pt; text-align: right;\" align=\"right\"><strong><span style=\"font-size: 10.0pt; font-family: &quot;Segoe Print&quot;;\">BLOQUE COMBATIVO Y DE CLASE<\/span><\/strong><\/p>\n<p style=\"margin: 0cm 0cm 0.0001pt; text-align: right; background: #fafafa;\"><strong><span style=\"font-size: 8pt; font-family: Tahoma, sans-serif;\">ALTERNATIVA SINDICAL DE TRABAJADORES (AST)<\/span><\/strong><\/p>\n<p style=\"margin: 0cm 0cm 0.0001pt; text-align: right; background: #fafafa;\"><strong><span style=\"font-size: 8pt; font-family: Tahoma, sans-serif;\"> BALADRE<\/span><\/strong><\/p>\n<p style=\"margin: 0cm 0cm 0.0001pt; text-align: right; background: #fafafa;\"><strong><span style=\"font-size: 8pt; font-family: Tahoma, sans-serif;\">CONFEDERACI\u00d3N GENERAL DEL TRABAJO (CGT)<\/span><\/strong><\/p>\n<p style=\"margin: 0cm 0cm 0.0001pt; text-align: right; background: #fafafa;\"><strong><span style=\"font-size: 8pt; font-family: Tahoma, sans-serif;\">CONFEDERACI\u00d3N NACIONAL DEL TRABAJO (CNT)<\/span><\/strong><\/p>\n<p style=\"margin: 0cm 0cm 0.0001pt; text-align: right; background: #fafafa;\"><strong><span style=\"font-size: 8pt; font-family: Tahoma, sans-serif;\">COMISIONES DE BASE (CO.BAS)<\/span><\/strong><\/p>\n<p style=\"margin: 0cm 0cm 0.0001pt; text-align: right; background: #fafafa;\"><strong><span style=\"font-size: 8pt; font-family: Tahoma, sans-serif;\">COORDINADORA SINDICAL DE CLASE (CSC)<\/span><\/strong><\/p>\n<p style=\"margin: 0cm 0cm 0.0001pt; text-align: right; background: #fafafa;\"><strong><span style=\"font-size: 8pt; font-family: Tahoma, sans-serif;\">ECOLOGISTAS EN ACCI\u00d3N<\/span><\/strong><\/p>\n<p style=\"margin: 0cm 0cm 0.0001pt; text-align: right; background: #fafafa;\"><strong><span style=\"font-size: 8pt; font-family: Tahoma, sans-serif;\">INTERSINDICAL ARAG\u00d3N (IA)<\/span><\/strong><\/p>\n<p style=\"margin: 0cm 0cm 0.0001pt; text-align: right; background: #fafafa;\"><strong><span style=\"font-size: 8pt; font-family: Tahoma, sans-serif;\">SINDICATO ASAMBLEARIO DE SANIDAD (SAS)<\/span><\/strong><\/p>\n<p style=\"margin: 0cm 0cm 0.0001pt; text-align: right; background: #fafafa;\"><strong><span style=\"font-size: 8pt; font-family: Tahoma, sans-serif;\">SINDICATO \u00daNICO DE TRABAJADORES SOLIDARIDAD OBRERA (SO)<\/span><\/strong><span style=\"font-size: 8.5pt; font-family: &quot;Arial&quot;,&quot;sans-serif&quot;; color: #222222;\"> <\/span><\/p>\n<p class=\"MsoNormal\" style=\"margin-bottom: 0.0001pt; text-align: right;\" align=\"right\"><sup><span style=\"font-size: 8.0pt;\">1<\/span><\/sup><span style=\"font-size: 8.0pt;\">http:\/\/www.foessa2014.es\/informe\/uploaded\/documentos_trabajo\/15102014141447_8007.pdf<\/span><\/p>\n<p class=\"MsoNormal\" style=\"margin-bottom: 2pt; text-align: justify; text-indent: 14.2pt;\">\u00a0<\/p>\n<p class=\"MsoNormal\" style=\"margin-bottom: 0.0001pt; text-align: right;\" align=\"right\"><sup><span style=\"font-size: 8.0pt;\">2 <\/span><\/sup><span style=\"font-size: 8.0pt;\"><a href=\"http:\/\/www.datosmacro.com\/paro-epa\/espana\">http:\/\/www.datosmacro.com\/paro-epa\/espana<\/a><\/span><\/p>\n","protected":false},"excerpt":{"rendered":"<p>8MARZO Mujer Trabajadora Cuando a lo largo de todos estos a\u00f1os hemos conmemorado el 8 de marzo como D\u00eda Internacional de la Mujer Trabajadora hemos visto como las condiciones de [&hellip;]<\/p>\n","protected":false},"author":3,"featured_media":0,"comment_status":"open","ping_status":"open","sticky":false,"template":"","format":"standard","meta":{"postBodyCss":"","postBodyMargin":[],"postBodyPadding":[],"postBodyBackground":{"backgroundType":"classic","gradient":""},"ngg_post_thumbnail":0,"footnotes":""},"categories":[162],"tags":[],"class_list":["post-1717","post","type-post","status-publish","format-standard","hentry","category-difusion-y-movilizaciones-difusion-y-movilizaciones"],"yoast_head":"<!-- This site is optimized with the Yoast SEO plugin v27.5 - https:\/\/yoast.com\/product\/yoast-seo-wordpress\/ -->\n<title>8 marzo - CONFEDERACI\u00d3N SOLIDARIDAD OBRERA<\/title>\n<meta name=\"robots\" content=\"index, follow, max-snippet:-1, max-image-preview:large, max-video-preview:-1\" \/>\n<link rel=\"canonical\" href=\"https:\/\/www.solidaridadobrera.org\/confederal\/2015\/03\/03\/8-marzo\/\" \/>\n<meta property=\"og:locale\" content=\"es_ES\" \/>\n<meta property=\"og:type\" content=\"article\" \/>\n<meta property=\"og:title\" content=\"8 marzo - CONFEDERACI\u00d3N SOLIDARIDAD OBRERA\" \/>\n<meta property=\"og:description\" content=\"8MARZO Mujer Trabajadora Cuando a lo largo de todos estos a\u00f1os hemos conmemorado el 8 de marzo como D\u00eda Internacional de la Mujer Trabajadora hemos visto como las condiciones de [&hellip;]\" \/>\n<meta property=\"og:url\" content=\"https:\/\/www.solidaridadobrera.org\/confederal\/2015\/03\/03\/8-marzo\/\" \/>\n<meta property=\"og:site_name\" content=\"CONFEDERACI\u00d3N SOLIDARIDAD OBRERA\" \/>\n<meta property=\"article:publisher\" content=\"https:\/\/es-es.facebook.com\/Soliobrera\" \/>\n<meta property=\"article:published_time\" content=\"2015-03-03T08:15:17+00:00\" \/>\n<meta property=\"article:modified_time\" content=\"2016-09-24T16:15:49+00:00\" \/>\n<meta property=\"og:image\" content=\"http:\/\/images\/Manifiesto%208%20Marzo.jpg\" \/>\n<meta name=\"author\" content=\"S.O.\" \/>\n<meta name=\"twitter:card\" content=\"summary_large_image\" \/>\n<meta name=\"twitter:label1\" content=\"Escrito por\" \/>\n\t<meta name=\"twitter:data1\" content=\"S.O.\" \/>\n\t<meta name=\"twitter:label2\" content=\"Tiempo de lectura\" \/>\n\t<meta name=\"twitter:data2\" content=\"4 minutos\" \/>\n<script type=\"application\/ld+json\" class=\"yoast-schema-graph\">{\"@context\":\"https:\\\/\\\/schema.org\",\"@graph\":[{\"@type\":\"Article\",\"@id\":\"https:\\\/\\\/www.solidaridadobrera.org\\\/confederal\\\/2015\\\/03\\\/03\\\/8-marzo\\\/#article\",\"isPartOf\":{\"@id\":\"https:\\\/\\\/www.solidaridadobrera.org\\\/confederal\\\/2015\\\/03\\\/03\\\/8-marzo\\\/\"},\"author\":{\"name\":\"S.O.\",\"@id\":\"https:\\\/\\\/www.solidaridadobrera.org\\\/confederal\\\/#\\\/schema\\\/person\\\/1d0b5cc67a7687e43ea0ce81cc07762b\"},\"headline\":\"8 marzo\",\"datePublished\":\"2015-03-03T08:15:17+00:00\",\"dateModified\":\"2016-09-24T16:15:49+00:00\",\"mainEntityOfPage\":{\"@id\":\"https:\\\/\\\/www.solidaridadobrera.org\\\/confederal\\\/2015\\\/03\\\/03\\\/8-marzo\\\/\"},\"wordCount\":738,\"commentCount\":0,\"publisher\":{\"@id\":\"https:\\\/\\\/www.solidaridadobrera.org\\\/confederal\\\/#organization\"},\"articleSection\":[\"Difusi\u00f3n y Movilizaciones\"],\"inLanguage\":\"es\",\"potentialAction\":[{\"@type\":\"CommentAction\",\"name\":\"Comment\",\"target\":[\"https:\\\/\\\/www.solidaridadobrera.org\\\/confederal\\\/2015\\\/03\\\/03\\\/8-marzo\\\/#respond\"]}]},{\"@type\":\"WebPage\",\"@id\":\"https:\\\/\\\/www.solidaridadobrera.org\\\/confederal\\\/2015\\\/03\\\/03\\\/8-marzo\\\/\",\"url\":\"https:\\\/\\\/www.solidaridadobrera.org\\\/confederal\\\/2015\\\/03\\\/03\\\/8-marzo\\\/\",\"name\":\"8 marzo - CONFEDERACI\u00d3N SOLIDARIDAD OBRERA\",\"isPartOf\":{\"@id\":\"https:\\\/\\\/www.solidaridadobrera.org\\\/confederal\\\/#website\"},\"datePublished\":\"2015-03-03T08:15:17+00:00\",\"dateModified\":\"2016-09-24T16:15:49+00:00\",\"breadcrumb\":{\"@id\":\"https:\\\/\\\/www.solidaridadobrera.org\\\/confederal\\\/2015\\\/03\\\/03\\\/8-marzo\\\/#breadcrumb\"},\"inLanguage\":\"es\",\"potentialAction\":[{\"@type\":\"ReadAction\",\"target\":[\"https:\\\/\\\/www.solidaridadobrera.org\\\/confederal\\\/2015\\\/03\\\/03\\\/8-marzo\\\/\"]}]},{\"@type\":\"BreadcrumbList\",\"@id\":\"https:\\\/\\\/www.solidaridadobrera.org\\\/confederal\\\/2015\\\/03\\\/03\\\/8-marzo\\\/#breadcrumb\",\"itemListElement\":[{\"@type\":\"ListItem\",\"position\":1,\"name\":\"Portada\",\"item\":\"https:\\\/\\\/www.solidaridadobrera.org\\\/confederal\\\/\"},{\"@type\":\"ListItem\",\"position\":2,\"name\":\"8 marzo\"}]},{\"@type\":\"WebSite\",\"@id\":\"https:\\\/\\\/www.solidaridadobrera.org\\\/confederal\\\/#website\",\"url\":\"https:\\\/\\\/www.solidaridadobrera.org\\\/confederal\\\/\",\"name\":\"SOLIDARIDAD OBRERA\",\"description\":\"Confederaci\u00f3n Anarcosindicalista. La lucha es el \u00fanico camino.\",\"publisher\":{\"@id\":\"https:\\\/\\\/www.solidaridadobrera.org\\\/confederal\\\/#organization\"},\"potentialAction\":[{\"@type\":\"SearchAction\",\"target\":{\"@type\":\"EntryPoint\",\"urlTemplate\":\"https:\\\/\\\/www.solidaridadobrera.org\\\/confederal\\\/?s={search_term_string}\"},\"query-input\":{\"@type\":\"PropertyValueSpecification\",\"valueRequired\":true,\"valueName\":\"search_term_string\"}}],\"inLanguage\":\"es\"},{\"@type\":\"Organization\",\"@id\":\"https:\\\/\\\/www.solidaridadobrera.org\\\/confederal\\\/#organization\",\"name\":\"Solidaridad Obrera\",\"url\":\"https:\\\/\\\/www.solidaridadobrera.org\\\/confederal\\\/\",\"logo\":{\"@type\":\"ImageObject\",\"inLanguage\":\"es\",\"@id\":\"https:\\\/\\\/www.solidaridadobrera.org\\\/confederal\\\/#\\\/schema\\\/logo\\\/image\\\/\",\"url\":\"https:\\\/\\\/www.solidaridadobrera.org\\\/confederal\\\/wp-content\\\/uploads\\\/2021\\\/07\\\/logo_soli_web.png\",\"contentUrl\":\"https:\\\/\\\/www.solidaridadobrera.org\\\/confederal\\\/wp-content\\\/uploads\\\/2021\\\/07\\\/logo_soli_web.png\",\"width\":1181,\"height\":1181,\"caption\":\"Solidaridad Obrera\"},\"image\":{\"@id\":\"https:\\\/\\\/www.solidaridadobrera.org\\\/confederal\\\/#\\\/schema\\\/logo\\\/image\\\/\"},\"sameAs\":[\"https:\\\/\\\/es-es.facebook.com\\\/Soliobrera\",\"https:\\\/\\\/www.instagram.com\\\/soliobrera\\\/\",\"https:\\\/\\\/web.telegram.org\\\/a\\\/#-1001124968543\"]},{\"@type\":\"Person\",\"@id\":\"https:\\\/\\\/www.solidaridadobrera.org\\\/confederal\\\/#\\\/schema\\\/person\\\/1d0b5cc67a7687e43ea0ce81cc07762b\",\"name\":\"S.O.\",\"image\":{\"@type\":\"ImageObject\",\"inLanguage\":\"es\",\"@id\":\"https:\\\/\\\/secure.gravatar.com\\\/avatar\\\/f428d50306ef38bf07edd4476779476fb6644d1239c4355b20775b8b86b85576?s=96&d=mm&r=g\",\"url\":\"https:\\\/\\\/secure.gravatar.com\\\/avatar\\\/f428d50306ef38bf07edd4476779476fb6644d1239c4355b20775b8b86b85576?s=96&d=mm&r=g\",\"contentUrl\":\"https:\\\/\\\/secure.gravatar.com\\\/avatar\\\/f428d50306ef38bf07edd4476779476fb6644d1239c4355b20775b8b86b85576?s=96&d=mm&r=g\",\"caption\":\"S.O.\"},\"url\":\"https:\\\/\\\/www.solidaridadobrera.org\\\/confederal\\\/author\\\/solidaridad-obrera\\\/\"}]}<\/script>\n<!-- \/ Yoast SEO plugin. -->","yoast_head_json":{"title":"8 marzo - CONFEDERACI\u00d3N SOLIDARIDAD OBRERA","robots":{"index":"index","follow":"follow","max-snippet":"max-snippet:-1","max-image-preview":"max-image-preview:large","max-video-preview":"max-video-preview:-1"},"canonical":"https:\/\/www.solidaridadobrera.org\/confederal\/2015\/03\/03\/8-marzo\/","og_locale":"es_ES","og_type":"article","og_title":"8 marzo - CONFEDERACI\u00d3N SOLIDARIDAD OBRERA","og_description":"8MARZO Mujer Trabajadora Cuando a lo largo de todos estos a\u00f1os hemos conmemorado el 8 de marzo como D\u00eda Internacional de la Mujer Trabajadora hemos visto como las condiciones de [&hellip;]","og_url":"https:\/\/www.solidaridadobrera.org\/confederal\/2015\/03\/03\/8-marzo\/","og_site_name":"CONFEDERACI\u00d3N SOLIDARIDAD OBRERA","article_publisher":"https:\/\/es-es.facebook.com\/Soliobrera","article_published_time":"2015-03-03T08:15:17+00:00","article_modified_time":"2016-09-24T16:15:49+00:00","og_image":[{"url":"images\/Manifiesto 8 Marzo.jpg","type":"","width":"","height":""}],"author":"S.O.","twitter_card":"summary_large_image","twitter_misc":{"Escrito por":"S.O.","Tiempo de lectura":"4 minutos"},"schema":{"@context":"https:\/\/schema.org","@graph":[{"@type":"Article","@id":"https:\/\/www.solidaridadobrera.org\/confederal\/2015\/03\/03\/8-marzo\/#article","isPartOf":{"@id":"https:\/\/www.solidaridadobrera.org\/confederal\/2015\/03\/03\/8-marzo\/"},"author":{"name":"S.O.","@id":"https:\/\/www.solidaridadobrera.org\/confederal\/#\/schema\/person\/1d0b5cc67a7687e43ea0ce81cc07762b"},"headline":"8 marzo","datePublished":"2015-03-03T08:15:17+00:00","dateModified":"2016-09-24T16:15:49+00:00","mainEntityOfPage":{"@id":"https:\/\/www.solidaridadobrera.org\/confederal\/2015\/03\/03\/8-marzo\/"},"wordCount":738,"commentCount":0,"publisher":{"@id":"https:\/\/www.solidaridadobrera.org\/confederal\/#organization"},"articleSection":["Difusi\u00f3n y Movilizaciones"],"inLanguage":"es","potentialAction":[{"@type":"CommentAction","name":"Comment","target":["https:\/\/www.solidaridadobrera.org\/confederal\/2015\/03\/03\/8-marzo\/#respond"]}]},{"@type":"WebPage","@id":"https:\/\/www.solidaridadobrera.org\/confederal\/2015\/03\/03\/8-marzo\/","url":"https:\/\/www.solidaridadobrera.org\/confederal\/2015\/03\/03\/8-marzo\/","name":"8 marzo - CONFEDERACI\u00d3N SOLIDARIDAD OBRERA","isPartOf":{"@id":"https:\/\/www.solidaridadobrera.org\/confederal\/#website"},"datePublished":"2015-03-03T08:15:17+00:00","dateModified":"2016-09-24T16:15:49+00:00","breadcrumb":{"@id":"https:\/\/www.solidaridadobrera.org\/confederal\/2015\/03\/03\/8-marzo\/#breadcrumb"},"inLanguage":"es","potentialAction":[{"@type":"ReadAction","target":["https:\/\/www.solidaridadobrera.org\/confederal\/2015\/03\/03\/8-marzo\/"]}]},{"@type":"BreadcrumbList","@id":"https:\/\/www.solidaridadobrera.org\/confederal\/2015\/03\/03\/8-marzo\/#breadcrumb","itemListElement":[{"@type":"ListItem","position":1,"name":"Portada","item":"https:\/\/www.solidaridadobrera.org\/confederal\/"},{"@type":"ListItem","position":2,"name":"8 marzo"}]},{"@type":"WebSite","@id":"https:\/\/www.solidaridadobrera.org\/confederal\/#website","url":"https:\/\/www.solidaridadobrera.org\/confederal\/","name":"SOLIDARIDAD OBRERA","description":"Confederaci\u00f3n Anarcosindicalista. La lucha es el \u00fanico camino.","publisher":{"@id":"https:\/\/www.solidaridadobrera.org\/confederal\/#organization"},"potentialAction":[{"@type":"SearchAction","target":{"@type":"EntryPoint","urlTemplate":"https:\/\/www.solidaridadobrera.org\/confederal\/?s={search_term_string}"},"query-input":{"@type":"PropertyValueSpecification","valueRequired":true,"valueName":"search_term_string"}}],"inLanguage":"es"},{"@type":"Organization","@id":"https:\/\/www.solidaridadobrera.org\/confederal\/#organization","name":"Solidaridad Obrera","url":"https:\/\/www.solidaridadobrera.org\/confederal\/","logo":{"@type":"ImageObject","inLanguage":"es","@id":"https:\/\/www.solidaridadobrera.org\/confederal\/#\/schema\/logo\/image\/","url":"https:\/\/www.solidaridadobrera.org\/confederal\/wp-content\/uploads\/2021\/07\/logo_soli_web.png","contentUrl":"https:\/\/www.solidaridadobrera.org\/confederal\/wp-content\/uploads\/2021\/07\/logo_soli_web.png","width":1181,"height":1181,"caption":"Solidaridad Obrera"},"image":{"@id":"https:\/\/www.solidaridadobrera.org\/confederal\/#\/schema\/logo\/image\/"},"sameAs":["https:\/\/es-es.facebook.com\/Soliobrera","https:\/\/www.instagram.com\/soliobrera\/","https:\/\/web.telegram.org\/a\/#-1001124968543"]},{"@type":"Person","@id":"https:\/\/www.solidaridadobrera.org\/confederal\/#\/schema\/person\/1d0b5cc67a7687e43ea0ce81cc07762b","name":"S.O.","image":{"@type":"ImageObject","inLanguage":"es","@id":"https:\/\/secure.gravatar.com\/avatar\/f428d50306ef38bf07edd4476779476fb6644d1239c4355b20775b8b86b85576?s=96&d=mm&r=g","url":"https:\/\/secure.gravatar.com\/avatar\/f428d50306ef38bf07edd4476779476fb6644d1239c4355b20775b8b86b85576?s=96&d=mm&r=g","contentUrl":"https:\/\/secure.gravatar.com\/avatar\/f428d50306ef38bf07edd4476779476fb6644d1239c4355b20775b8b86b85576?s=96&d=mm&r=g","caption":"S.O."},"url":"https:\/\/www.solidaridadobrera.org\/confederal\/author\/solidaridad-obrera\/"}]}},"_links":{"self":[{"href":"https:\/\/www.solidaridadobrera.org\/confederal\/wp-json\/wp\/v2\/posts\/1717","targetHints":{"allow":["GET"]}}],"collection":[{"href":"https:\/\/www.solidaridadobrera.org\/confederal\/wp-json\/wp\/v2\/posts"}],"about":[{"href":"https:\/\/www.solidaridadobrera.org\/confederal\/wp-json\/wp\/v2\/types\/post"}],"author":[{"embeddable":true,"href":"https:\/\/www.solidaridadobrera.org\/confederal\/wp-json\/wp\/v2\/users\/3"}],"replies":[{"embeddable":true,"href":"https:\/\/www.solidaridadobrera.org\/confederal\/wp-json\/wp\/v2\/comments?post=1717"}],"version-history":[{"count":1,"href":"https:\/\/www.solidaridadobrera.org\/confederal\/wp-json\/wp\/v2\/posts\/1717\/revisions"}],"predecessor-version":[{"id":3993,"href":"https:\/\/www.solidaridadobrera.org\/confederal\/wp-json\/wp\/v2\/posts\/1717\/revisions\/3993"}],"wp:attachment":[{"href":"https:\/\/www.solidaridadobrera.org\/confederal\/wp-json\/wp\/v2\/media?parent=1717"}],"wp:term":[{"taxonomy":"category","embeddable":true,"href":"https:\/\/www.solidaridadobrera.org\/confederal\/wp-json\/wp\/v2\/categories?post=1717"},{"taxonomy":"post_tag","embeddable":true,"href":"https:\/\/www.solidaridadobrera.org\/confederal\/wp-json\/wp\/v2\/tags?post=1717"}],"curies":[{"name":"wp","href":"https:\/\/api.w.org\/{rel}","templated":true}]}}