{"id":1543,"date":"2013-12-11T09:17:55","date_gmt":"2013-12-11T09:17:55","guid":{"rendered":"http:\/\/www.solidaridadobrera.org\/2013\/12\/11\/contramarcha-65\/"},"modified":"2016-09-13T22:13:50","modified_gmt":"2016-09-13T22:13:50","slug":"contramarcha-65","status":"publish","type":"post","link":"https:\/\/www.solidaridadobrera.org\/confederal\/2013\/12\/11\/contramarcha-65\/","title":{"rendered":"contramarcha 65"},"content":{"rendered":"<p><a href=\"downloads\/Contramarchas\/Contramarcha_65.pdf\"><strong><span style=\"font-size: 12.0pt; font-family: &quot;Times New Roman&quot;,&quot;serif&quot;; mso-ansi-language: ES; mso-fareast-language: ES;\"><img fetchpriority=\"high\" decoding=\"async\" src=\"images\/portada contra 65.jpg\" border=\"0\" width=\"241\" height=\"339\" align=\"left\" \/>Editorial.- LA SOCIEDAD HACIA LA QUE NOS LLEVAN<\/span><\/strong><span style=\"font-size: 12.0pt; font-family: &quot;Times New Roman&quot;,&quot;serif&quot;; mso-ansi-language: ES; mso-fareast-language: ES;\"> <\/span> <\/a><\/p>\n<p class=\"MsoNormal\" style=\"margin-bottom: .0001pt; text-align: justify; line-height: normal;\"><a href=\"downloads\/Contramarchas\/Contramarcha_65.pdf\"><span style=\"font-size: 12.0pt; font-family: &quot;Times New Roman&quot;,&quot;serif&quot;; mso-ansi-language: ES; mso-fareast-language: ES;\">Si s\u00f3lo mir\u00e1semos al futuro por lo que los gobiernos (sean del color que sean) y la Patronal nos preparan, sin tener en cuenta la resistencia y oposici\u00f3n de la poblaci\u00f3n en general y de la clase trabajadora en particular; sin tener en cuenta las dificultades que pone la Naturaleza y sin tener en cuenta otras variables, \u00bfqu\u00e9 ver\u00edamos?<\/span><\/a><\/p>\n<p><a href=\"downloads\/Contramarchas\/Contramarcha_65.pdf\"> <\/a><\/p>\n<p class=\"MsoNormal\" style=\"margin-bottom: .0001pt; text-align: justify; line-height: normal;\"><a href=\"downloads\/Contramarchas\/Contramarcha_65.pdf\"><span style=\"font-size: 12.0pt; font-family: &quot;Times New Roman&quot;,&quot;serif&quot;; mso-ansi-language: ES; mso-fareast-language: ES;\">Hagamos este ejercicio de reflexi\u00f3n tomando como referencia lo que eufem\u00edsticamente denominan \u201creformas\u201d y que se est\u00e1n llevando a cabo en toda Europa y sobre todo en los llamados pa\u00edses perif\u00e9ricos.<\/span><\/a><\/p>\n<p><a href=\"downloads\/Contramarchas\/Contramarcha_65.pdf\"> <\/a><\/p>\n<p class=\"MsoNormal\" style=\"margin-bottom: .0001pt; text-align: justify; line-height: normal;\"><a href=\"downloads\/Contramarchas\/Contramarcha_65.pdf\"><strong><span style=\"font-size: 12.0pt; font-family: &quot;Times New Roman&quot;,&quot;serif&quot;; mso-ansi-language: ES; mso-fareast-language: ES;\">Reformas Laborales: facilidades de despido y rebajas sustanciales de salarios<\/span><\/strong><span style=\"font-size: 12.0pt; font-family: &quot;Times New Roman&quot;,&quot;serif&quot;; mso-ansi-language: ES; mso-fareast-language: ES;\">.-<\/span><\/a><\/p>\n<p><a href=\"downloads\/Contramarchas\/Contramarcha_65.pdf\"> <\/a><\/p>\n<p class=\"MsoNormal\" style=\"margin-bottom: .0001pt; text-align: justify; line-height: normal;\"><a href=\"downloads\/Contramarchas\/Contramarcha_65.pdf\"><span style=\"font-size: 12.0pt; font-family: &quot;Times New Roman&quot;,&quot;serif&quot;; mso-ansi-language: ES; mso-fareast-language: ES;\">En este pa\u00eds de 46,7 millones de habitantes la poblaci\u00f3n activa es de s\u00f3lo 22,7 millones de personas y de ellos 6 millones est\u00e1n sin trabajo, 2,75 millones con contratos a tiempo parcial y cerca de otros cuatro millones con contratos precarios. Las pensiones ser\u00e1n se subsistencia garantiz\u00e1ndose un 10% del salario m\u00ednimo.<\/span><\/a><\/p>\n<p><a href=\"downloads\/Contramarchas\/Contramarcha_65.pdf\"> <\/a><\/p>\n<p class=\"MsoNormal\" style=\"margin-bottom: .0001pt; text-align: justify; line-height: normal;\"><a href=\"downloads\/Contramarchas\/Contramarcha_65.pdf\"><strong><span style=\"font-size: 12.0pt; font-family: &quot;Times New Roman&quot;,&quot;serif&quot;; mso-ansi-language: ES; mso-fareast-language: ES;\">Recortes y privatizaci\u00f3n de la Ense\u00f1anza<\/span><\/strong><span style=\"font-size: 12.0pt; font-family: &quot;Times New Roman&quot;,&quot;serif&quot;; mso-ansi-language: ES; mso-fareast-language: ES;\">.-<\/span><\/a><\/p>\n<p><a href=\"downloads\/Contramarchas\/Contramarcha_65.pdf\"> <\/p>\n<p class=\"MsoNormal\" style=\"margin-bottom: .0001pt; text-align: justify; line-height: normal;\"><span style=\"font-size: 12.0pt; font-family: &quot;Times New Roman&quot;,&quot;serif&quot;; mso-ansi-language: ES; mso-fareast-language: ES;\">Cada vez podr\u00e1n cursar estudios superiores un menor n\u00famero de hijos de trabajadores, desde luego ning\u00fan hijo de esa legi\u00f3n de sin trabajo o precariedad. Adem\u00e1s de las carencias de no tener un buen salario hay que sumar las elevadas tasas y matr\u00edculas universitarias y de formaci\u00f3n profesional que hay que abonar. <\/span><\/p>\n<p>  <!--more-->  <\/p>\n<p>\u00a0<\/p>\n<p class=\"MsoNormal\" style=\"margin-bottom: .0001pt; text-align: justify; line-height: normal;\"><strong><span style=\"font-size: 12.0pt; font-family: &quot;Times New Roman&quot;,&quot;serif&quot;; mso-ansi-language: ES; mso-fareast-language: ES;\">Recortes y privatizaciones sanitarias.-<\/span><\/strong><\/p>\n<p class=\"MsoNormal\" style=\"margin-bottom: .0001pt; text-align: justify; line-height: normal;\"><span style=\"font-size: 12.0pt; font-family: &quot;Times New Roman&quot;,&quot;serif&quot;; mso-ansi-language: ES; mso-fareast-language: ES;\">Cada vez tendremos m\u00e1s enfermedades y durar\u00e1n m\u00e1s tiempo, la esperanza de vida disminuir\u00e1 irremediablemente, estando ahora la media en los 82 a\u00f1os. Si se tiene la desgracia de tener una enfermedad cr\u00f3nica vivir\u00e1s menos y peor, sobre todo si perteneces a ese grupo cada vez mayor que no tiene trabajo o a pesar de tenerlo no gana m\u00e1s de 650 euros al mes, pues no tendr\u00e1s suficiente para pagarte el tratamiento. La sanidad p\u00fablica ser\u00e1 de beneficencia.<\/span><\/p>\n<p class=\"MsoNormal\" style=\"margin-bottom: .0001pt; text-align: justify; line-height: normal;\"><strong style=\"mso-bidi-font-weight: normal;\"><span style=\"font-size: 12.0pt; font-family: &quot;Times New Roman&quot;,&quot;serif&quot;; mso-ansi-language: ES; mso-fareast-language: ES;\">Fin de las libertades: Ley antiprotesta, Ley de servicios m\u00ednimos.-<\/span><\/strong><\/p>\n<p class=\"MsoNormal\" style=\"margin-bottom: .0001pt; text-align: justify; line-height: normal;\"><span style=\"font-size: 12.0pt; font-family: &quot;Times New Roman&quot;,&quot;serif&quot;; mso-ansi-language: ES; mso-fareast-language: ES;\">Habr\u00e1 democracia, podr\u00e1s votar a uno de los partidos que pueden gobernar (PP-PSOE) o a alguna de sus copias (UPyD-IU). No podr\u00e1s protestar ni en la calle, ni en ning\u00fan otro sitio, pues molestas. Hacer huelga \u201cno sirve de nada\u201d por eso estar\u00e1 prohibido. La polic\u00eda tendr\u00e1 palabra de autoridad infinita invirti\u00e9ndose la carga de la prueba en cualquier caso, es decir habr\u00e1 que probar fehacientemente por parte del acusado que lo que afirma la polic\u00eda no fuese cierto.<\/span><\/p>\n<p class=\"MsoNormal\" style=\"margin-bottom: .0001pt; text-align: justify; line-height: normal;\"><strong><span style=\"font-size: 12.0pt; font-family: &quot;Times New Roman&quot;,&quot;serif&quot;; mso-ansi-language: ES; mso-fareast-language: ES;\">Fin del petr\u00f3leo barato.-<\/span><\/strong><\/p>\n<p class=\"MsoNormal\" style=\"margin-bottom: .0001pt; text-align: justify; line-height: normal;\"><span style=\"font-size: 12.0pt; font-family: &quot;Times New Roman&quot;,&quot;serif&quot;; mso-ansi-language: ES; mso-fareast-language: ES;\">Cada vez pasaremos m\u00e1s fr\u00edo en invierno y m\u00e1s calor en verano, y no solamente debido al cambio clim\u00e1tico, que tambi\u00e9n; sino porque la energ\u00eda (electricidad, gasolina, etc) cada vez costar\u00e1 m\u00e1s y m\u00e1s. Lo que conllevar\u00e1 que viajaremos menos y m\u00e1s cerca.<\/span><\/p>\n<p class=\"MsoNormal\" style=\"margin-bottom: .0001pt; text-align: justify; line-height: normal;\"><strong style=\"mso-bidi-font-weight: normal;\"><span style=\"font-size: 12.0pt; font-family: &quot;Times New Roman&quot;,&quot;serif&quot;; mso-ansi-language: ES; mso-fareast-language: ES;\">Ley del aborto: Parir\u00e1s y morir\u00e1s con dolor.-<\/span><\/strong><\/p>\n<p class=\"MsoNormal\" style=\"margin-bottom: .0001pt; text-align: justify; line-height: normal;\"><span style=\"font-size: 12.0pt; font-family: &quot;Times New Roman&quot;,&quot;serif&quot;; mso-ansi-language: ES; mso-fareast-language: ES; mso-bidi-font-weight: bold;\">Tendremos m\u00e1s hijos, los que nos toquen en suerte. La religi\u00f3n ser\u00e1 obligatoria por el bien de todos: ni aborto, ni p\u00edldora del d\u00eda despu\u00e9s, ni anticonceptivos, etc. Las parroquias extender\u00e1n certificados de buena conducta necesarios para acceder a cualquier puesto de trabajo. No se permitir\u00e1 la eutanasia, ni tampoco los cuidados paliativos, por razones econ\u00f3micas y religiosas. <\/span><\/p>\n<p class=\"MsoNormal\" style=\"margin-bottom: .0001pt; text-align: justify; line-height: normal;\"><strong><span style=\"font-size: 12.0pt; font-family: &quot;Times New Roman&quot;,&quot;serif&quot;; mso-ansi-language: ES; mso-fareast-language: ES;\">Subida de los precios.-<\/span><\/strong><\/p>\n<p class=\"MsoNormal\" style=\"margin-bottom: .0001pt; text-align: justify; line-height: normal;\"><span style=\"font-size: 12.0pt; font-family: &quot;Times New Roman&quot;,&quot;serif&quot;; mso-ansi-language: ES; mso-fareast-language: ES;\">Vestiremos peor ropa cada vez y por su puesto la m\u00e1s barata del mercado y por tanto de menor calidad, lo que conlleva que nos durar\u00e1 bastante menos tiempo. Comeremos todos lo mismo, seg\u00fan los productos que pueda aportar la agroindustria.<\/span><\/p>\n<p class=\"MsoNormal\" style=\"margin-bottom: .0001pt; text-align: justify; line-height: normal;\"><span style=\"font-size: 12.0pt; font-family: &quot;Times New Roman&quot;,&quot;serif&quot;; mso-ansi-language: ES; mso-fareast-language: ES;\">Podemos seguir valorando otros aspectos habituales y todos ellos nos llevan al mismo terreno.<\/span><\/p>\n<p class=\"MsoNormal\" style=\"margin-bottom: .0001pt; text-align: justify; line-height: normal;\"><span style=\"font-size: 12.0pt; font-family: &quot;Times New Roman&quot;,&quot;serif&quot;; mso-ansi-language: ES; mso-fareast-language: ES;\">Y para disfrutar de este atractivo futuro con todos estos manjares sociales tan apetecibles tendremos que estar todo el d\u00eda trabajando en unas condiciones cada vez peores y sin derechos, pues dichos derechos ser\u00e1n incluidos, cual obra de arte, en los museos m\u00e1s importantes.<\/span><\/p>\n<p class=\"MsoNormal\" style=\"margin-bottom: .0001pt; text-align: justify; line-height: normal;\"><span style=\"font-size: 12.0pt; font-family: &quot;Times New Roman&quot;,&quot;serif&quot;; mso-ansi-language: ES; mso-fareast-language: ES;\">Si estamos de acuerdo en que todo esto forma parte del futuro basura que nos preparan \u00bfmerece la pena que les sigamos permitiendo que nos fastidien la vida y el planeta?<\/span><\/p>\n<p class=\"MsoNormal\" style=\"margin-bottom: .0001pt; text-align: justify; line-height: normal;\"><span style=\"font-size: 12.0pt; font-family: &quot;Times New Roman&quot;,&quot;serif&quot;; mso-ansi-language: ES; mso-fareast-language: ES;\">\u00bfNo habr\u00e1 llegado la hora de cambiar? \u00bfDe exigir tiempo para nosotros? \u00bfPara leer, debatir, cultivar la amistad, cuidar la huerta? \u00bfPara compartirlo con nuestros hijos y con nuestros padres? \u00bfNo habr\u00e1 llegado la hora de HACER LA REVOLUCI\u00d3N y dedicarnos a vivir? <\/span><\/p>\n<p class=\"MsoNormal\" style=\"margin-bottom: .0001pt; text-align: justify; line-height: normal;\"><span style=\"font-size: 12.0pt; font-family: &quot;Times New Roman&quot;,&quot;serif&quot;; mso-ansi-language: ES; mso-fareast-language: ES;\">Estemos atentos, pues s\u00f3lo conseguir\u00e1n este futuro asqueroso, si se lo permitimos.<\/span><\/p>\n<p> <\/a><\/p>\n<p>\u00a0<\/p>\n<p>\u00a0<\/p>\n<p>\u00a0<\/p>\n<p>\u00a0<\/p>\n<p>\u00a0<\/p>\n<p>\u00a0<\/p>\n","protected":false},"excerpt":{"rendered":"<p>Editorial.- LA SOCIEDAD HACIA LA QUE NOS LLEVAN Si s\u00f3lo mir\u00e1semos al futuro por lo que los gobiernos (sean del color que sean) y la Patronal nos preparan, sin tener [&hellip;]<\/p>\n","protected":false},"author":4,"featured_media":0,"comment_status":"closed","ping_status":"open","sticky":false,"template":"","format":"standard","meta":{"postBodyCss":"","postBodyMargin":[],"postBodyPadding":[],"postBodyBackground":{"backgroundType":"classic","gradient":""},"ngg_post_thumbnail":0,"footnotes":""},"categories":[96],"tags":[196,197],"class_list":["post-1543","post","type-post","status-publish","format-standard","hentry","category-contramarcha","tag-contramarchas","tag-publicaciones-de-seccion-metro-de-madrid"],"yoast_head":"<!-- This site is optimized with the Yoast SEO plugin v27.4 - https:\/\/yoast.com\/product\/yoast-seo-wordpress\/ -->\n<title>contramarcha 65 - CONFEDERACI\u00d3N SOLIDARIDAD OBRERA<\/title>\n<meta name=\"robots\" content=\"index, follow, max-snippet:-1, max-image-preview:large, max-video-preview:-1\" \/>\n<link rel=\"canonical\" href=\"https:\/\/www.solidaridadobrera.org\/confederal\/2013\/12\/11\/contramarcha-65\/\" \/>\n<meta property=\"og:locale\" content=\"es_ES\" \/>\n<meta property=\"og:type\" content=\"article\" \/>\n<meta property=\"og:title\" content=\"contramarcha 65 - CONFEDERACI\u00d3N SOLIDARIDAD OBRERA\" \/>\n<meta property=\"og:description\" content=\"Editorial.- LA SOCIEDAD HACIA LA QUE NOS LLEVAN Si s\u00f3lo mir\u00e1semos al futuro por lo que los gobiernos (sean del color que sean) y la Patronal nos preparan, sin tener [&hellip;]\" \/>\n<meta property=\"og:url\" content=\"https:\/\/www.solidaridadobrera.org\/confederal\/2013\/12\/11\/contramarcha-65\/\" \/>\n<meta property=\"og:site_name\" content=\"CONFEDERACI\u00d3N SOLIDARIDAD OBRERA\" \/>\n<meta property=\"article:publisher\" content=\"https:\/\/es-es.facebook.com\/Soliobrera\" \/>\n<meta property=\"article:published_time\" content=\"2013-12-11T09:17:55+00:00\" \/>\n<meta property=\"article:modified_time\" content=\"2016-09-13T22:13:50+00:00\" \/>\n<meta property=\"og:image\" content=\"http:\/\/images\/portada%20contra%2065.jpg\" \/>\n<meta name=\"author\" content=\"Seccion Metro de Madrid\" \/>\n<meta name=\"twitter:card\" content=\"summary_large_image\" \/>\n<meta name=\"twitter:label1\" content=\"Escrito por\" \/>\n\t<meta name=\"twitter:data1\" content=\"Seccion Metro de Madrid\" \/>\n\t<meta name=\"twitter:label2\" content=\"Tiempo de lectura\" \/>\n\t<meta name=\"twitter:data2\" content=\"4 minutos\" \/>\n<script type=\"application\/ld+json\" class=\"yoast-schema-graph\">{\"@context\":\"https:\\\/\\\/schema.org\",\"@graph\":[{\"@type\":\"Article\",\"@id\":\"https:\\\/\\\/www.solidaridadobrera.org\\\/confederal\\\/2013\\\/12\\\/11\\\/contramarcha-65\\\/#article\",\"isPartOf\":{\"@id\":\"https:\\\/\\\/www.solidaridadobrera.org\\\/confederal\\\/2013\\\/12\\\/11\\\/contramarcha-65\\\/\"},\"author\":{\"name\":\"Seccion Metro de Madrid\",\"@id\":\"https:\\\/\\\/www.solidaridadobrera.org\\\/confederal\\\/#\\\/schema\\\/person\\\/a43d602d56a78f576b9d9efe2a596475\"},\"headline\":\"contramarcha 65\",\"datePublished\":\"2013-12-11T09:17:55+00:00\",\"dateModified\":\"2016-09-13T22:13:50+00:00\",\"mainEntityOfPage\":{\"@id\":\"https:\\\/\\\/www.solidaridadobrera.org\\\/confederal\\\/2013\\\/12\\\/11\\\/contramarcha-65\\\/\"},\"wordCount\":763,\"publisher\":{\"@id\":\"https:\\\/\\\/www.solidaridadobrera.org\\\/confederal\\\/#organization\"},\"keywords\":[\"Contramarchas\",\"Publicaciones de Secci\u00f3n Metro de Madrid\"],\"articleSection\":[\"Contramarcha\"],\"inLanguage\":\"es\"},{\"@type\":\"WebPage\",\"@id\":\"https:\\\/\\\/www.solidaridadobrera.org\\\/confederal\\\/2013\\\/12\\\/11\\\/contramarcha-65\\\/\",\"url\":\"https:\\\/\\\/www.solidaridadobrera.org\\\/confederal\\\/2013\\\/12\\\/11\\\/contramarcha-65\\\/\",\"name\":\"contramarcha 65 - CONFEDERACI\u00d3N SOLIDARIDAD OBRERA\",\"isPartOf\":{\"@id\":\"https:\\\/\\\/www.solidaridadobrera.org\\\/confederal\\\/#website\"},\"datePublished\":\"2013-12-11T09:17:55+00:00\",\"dateModified\":\"2016-09-13T22:13:50+00:00\",\"breadcrumb\":{\"@id\":\"https:\\\/\\\/www.solidaridadobrera.org\\\/confederal\\\/2013\\\/12\\\/11\\\/contramarcha-65\\\/#breadcrumb\"},\"inLanguage\":\"es\",\"potentialAction\":[{\"@type\":\"ReadAction\",\"target\":[\"https:\\\/\\\/www.solidaridadobrera.org\\\/confederal\\\/2013\\\/12\\\/11\\\/contramarcha-65\\\/\"]}]},{\"@type\":\"BreadcrumbList\",\"@id\":\"https:\\\/\\\/www.solidaridadobrera.org\\\/confederal\\\/2013\\\/12\\\/11\\\/contramarcha-65\\\/#breadcrumb\",\"itemListElement\":[{\"@type\":\"ListItem\",\"position\":1,\"name\":\"Portada\",\"item\":\"https:\\\/\\\/www.solidaridadobrera.org\\\/confederal\\\/\"},{\"@type\":\"ListItem\",\"position\":2,\"name\":\"contramarcha 65\"}]},{\"@type\":\"WebSite\",\"@id\":\"https:\\\/\\\/www.solidaridadobrera.org\\\/confederal\\\/#website\",\"url\":\"https:\\\/\\\/www.solidaridadobrera.org\\\/confederal\\\/\",\"name\":\"SOLIDARIDAD OBRERA\",\"description\":\"Confederaci\u00f3n Anarcosindicalista. La lucha es el \u00fanico camino.\",\"publisher\":{\"@id\":\"https:\\\/\\\/www.solidaridadobrera.org\\\/confederal\\\/#organization\"},\"potentialAction\":[{\"@type\":\"SearchAction\",\"target\":{\"@type\":\"EntryPoint\",\"urlTemplate\":\"https:\\\/\\\/www.solidaridadobrera.org\\\/confederal\\\/?s={search_term_string}\"},\"query-input\":{\"@type\":\"PropertyValueSpecification\",\"valueRequired\":true,\"valueName\":\"search_term_string\"}}],\"inLanguage\":\"es\"},{\"@type\":\"Organization\",\"@id\":\"https:\\\/\\\/www.solidaridadobrera.org\\\/confederal\\\/#organization\",\"name\":\"Solidaridad Obrera\",\"url\":\"https:\\\/\\\/www.solidaridadobrera.org\\\/confederal\\\/\",\"logo\":{\"@type\":\"ImageObject\",\"inLanguage\":\"es\",\"@id\":\"https:\\\/\\\/www.solidaridadobrera.org\\\/confederal\\\/#\\\/schema\\\/logo\\\/image\\\/\",\"url\":\"https:\\\/\\\/www.solidaridadobrera.org\\\/confederal\\\/wp-content\\\/uploads\\\/2021\\\/07\\\/logo_soli_web.png\",\"contentUrl\":\"https:\\\/\\\/www.solidaridadobrera.org\\\/confederal\\\/wp-content\\\/uploads\\\/2021\\\/07\\\/logo_soli_web.png\",\"width\":1181,\"height\":1181,\"caption\":\"Solidaridad Obrera\"},\"image\":{\"@id\":\"https:\\\/\\\/www.solidaridadobrera.org\\\/confederal\\\/#\\\/schema\\\/logo\\\/image\\\/\"},\"sameAs\":[\"https:\\\/\\\/es-es.facebook.com\\\/Soliobrera\",\"https:\\\/\\\/www.instagram.com\\\/soliobrera\\\/\",\"https:\\\/\\\/web.telegram.org\\\/a\\\/#-1001124968543\"]},{\"@type\":\"Person\",\"@id\":\"https:\\\/\\\/www.solidaridadobrera.org\\\/confederal\\\/#\\\/schema\\\/person\\\/a43d602d56a78f576b9d9efe2a596475\",\"name\":\"Seccion Metro de Madrid\",\"image\":{\"@type\":\"ImageObject\",\"inLanguage\":\"es\",\"@id\":\"https:\\\/\\\/secure.gravatar.com\\\/avatar\\\/007cefbbc527a2d7a463774093b487ff41706952d3cbd0489c0a7d50e2265741?s=96&d=mm&r=g\",\"url\":\"https:\\\/\\\/secure.gravatar.com\\\/avatar\\\/007cefbbc527a2d7a463774093b487ff41706952d3cbd0489c0a7d50e2265741?s=96&d=mm&r=g\",\"contentUrl\":\"https:\\\/\\\/secure.gravatar.com\\\/avatar\\\/007cefbbc527a2d7a463774093b487ff41706952d3cbd0489c0a7d50e2265741?s=96&d=mm&r=g\",\"caption\":\"Seccion Metro de Madrid\"},\"url\":\"https:\\\/\\\/www.solidaridadobrera.org\\\/confederal\\\/author\\\/seccion-metro-de-madrid\\\/\"}]}<\/script>\n<!-- \/ Yoast SEO plugin. -->","yoast_head_json":{"title":"contramarcha 65 - CONFEDERACI\u00d3N SOLIDARIDAD OBRERA","robots":{"index":"index","follow":"follow","max-snippet":"max-snippet:-1","max-image-preview":"max-image-preview:large","max-video-preview":"max-video-preview:-1"},"canonical":"https:\/\/www.solidaridadobrera.org\/confederal\/2013\/12\/11\/contramarcha-65\/","og_locale":"es_ES","og_type":"article","og_title":"contramarcha 65 - CONFEDERACI\u00d3N SOLIDARIDAD OBRERA","og_description":"Editorial.- LA SOCIEDAD HACIA LA QUE NOS LLEVAN Si s\u00f3lo mir\u00e1semos al futuro por lo que los gobiernos (sean del color que sean) y la Patronal nos preparan, sin tener [&hellip;]","og_url":"https:\/\/www.solidaridadobrera.org\/confederal\/2013\/12\/11\/contramarcha-65\/","og_site_name":"CONFEDERACI\u00d3N SOLIDARIDAD OBRERA","article_publisher":"https:\/\/es-es.facebook.com\/Soliobrera","article_published_time":"2013-12-11T09:17:55+00:00","article_modified_time":"2016-09-13T22:13:50+00:00","og_image":[{"url":"images\/portada contra 65.jpg","type":"","width":"","height":""}],"author":"Seccion Metro de Madrid","twitter_card":"summary_large_image","twitter_misc":{"Escrito por":"Seccion Metro de Madrid","Tiempo de lectura":"4 minutos"},"schema":{"@context":"https:\/\/schema.org","@graph":[{"@type":"Article","@id":"https:\/\/www.solidaridadobrera.org\/confederal\/2013\/12\/11\/contramarcha-65\/#article","isPartOf":{"@id":"https:\/\/www.solidaridadobrera.org\/confederal\/2013\/12\/11\/contramarcha-65\/"},"author":{"name":"Seccion Metro de Madrid","@id":"https:\/\/www.solidaridadobrera.org\/confederal\/#\/schema\/person\/a43d602d56a78f576b9d9efe2a596475"},"headline":"contramarcha 65","datePublished":"2013-12-11T09:17:55+00:00","dateModified":"2016-09-13T22:13:50+00:00","mainEntityOfPage":{"@id":"https:\/\/www.solidaridadobrera.org\/confederal\/2013\/12\/11\/contramarcha-65\/"},"wordCount":763,"publisher":{"@id":"https:\/\/www.solidaridadobrera.org\/confederal\/#organization"},"keywords":["Contramarchas","Publicaciones de Secci\u00f3n Metro de Madrid"],"articleSection":["Contramarcha"],"inLanguage":"es"},{"@type":"WebPage","@id":"https:\/\/www.solidaridadobrera.org\/confederal\/2013\/12\/11\/contramarcha-65\/","url":"https:\/\/www.solidaridadobrera.org\/confederal\/2013\/12\/11\/contramarcha-65\/","name":"contramarcha 65 - CONFEDERACI\u00d3N SOLIDARIDAD OBRERA","isPartOf":{"@id":"https:\/\/www.solidaridadobrera.org\/confederal\/#website"},"datePublished":"2013-12-11T09:17:55+00:00","dateModified":"2016-09-13T22:13:50+00:00","breadcrumb":{"@id":"https:\/\/www.solidaridadobrera.org\/confederal\/2013\/12\/11\/contramarcha-65\/#breadcrumb"},"inLanguage":"es","potentialAction":[{"@type":"ReadAction","target":["https:\/\/www.solidaridadobrera.org\/confederal\/2013\/12\/11\/contramarcha-65\/"]}]},{"@type":"BreadcrumbList","@id":"https:\/\/www.solidaridadobrera.org\/confederal\/2013\/12\/11\/contramarcha-65\/#breadcrumb","itemListElement":[{"@type":"ListItem","position":1,"name":"Portada","item":"https:\/\/www.solidaridadobrera.org\/confederal\/"},{"@type":"ListItem","position":2,"name":"contramarcha 65"}]},{"@type":"WebSite","@id":"https:\/\/www.solidaridadobrera.org\/confederal\/#website","url":"https:\/\/www.solidaridadobrera.org\/confederal\/","name":"SOLIDARIDAD OBRERA","description":"Confederaci\u00f3n Anarcosindicalista. La lucha es el \u00fanico camino.","publisher":{"@id":"https:\/\/www.solidaridadobrera.org\/confederal\/#organization"},"potentialAction":[{"@type":"SearchAction","target":{"@type":"EntryPoint","urlTemplate":"https:\/\/www.solidaridadobrera.org\/confederal\/?s={search_term_string}"},"query-input":{"@type":"PropertyValueSpecification","valueRequired":true,"valueName":"search_term_string"}}],"inLanguage":"es"},{"@type":"Organization","@id":"https:\/\/www.solidaridadobrera.org\/confederal\/#organization","name":"Solidaridad Obrera","url":"https:\/\/www.solidaridadobrera.org\/confederal\/","logo":{"@type":"ImageObject","inLanguage":"es","@id":"https:\/\/www.solidaridadobrera.org\/confederal\/#\/schema\/logo\/image\/","url":"https:\/\/www.solidaridadobrera.org\/confederal\/wp-content\/uploads\/2021\/07\/logo_soli_web.png","contentUrl":"https:\/\/www.solidaridadobrera.org\/confederal\/wp-content\/uploads\/2021\/07\/logo_soli_web.png","width":1181,"height":1181,"caption":"Solidaridad Obrera"},"image":{"@id":"https:\/\/www.solidaridadobrera.org\/confederal\/#\/schema\/logo\/image\/"},"sameAs":["https:\/\/es-es.facebook.com\/Soliobrera","https:\/\/www.instagram.com\/soliobrera\/","https:\/\/web.telegram.org\/a\/#-1001124968543"]},{"@type":"Person","@id":"https:\/\/www.solidaridadobrera.org\/confederal\/#\/schema\/person\/a43d602d56a78f576b9d9efe2a596475","name":"Seccion Metro de Madrid","image":{"@type":"ImageObject","inLanguage":"es","@id":"https:\/\/secure.gravatar.com\/avatar\/007cefbbc527a2d7a463774093b487ff41706952d3cbd0489c0a7d50e2265741?s=96&d=mm&r=g","url":"https:\/\/secure.gravatar.com\/avatar\/007cefbbc527a2d7a463774093b487ff41706952d3cbd0489c0a7d50e2265741?s=96&d=mm&r=g","contentUrl":"https:\/\/secure.gravatar.com\/avatar\/007cefbbc527a2d7a463774093b487ff41706952d3cbd0489c0a7d50e2265741?s=96&d=mm&r=g","caption":"Seccion Metro de Madrid"},"url":"https:\/\/www.solidaridadobrera.org\/confederal\/author\/seccion-metro-de-madrid\/"}]}},"_links":{"self":[{"href":"https:\/\/www.solidaridadobrera.org\/confederal\/wp-json\/wp\/v2\/posts\/1543","targetHints":{"allow":["GET"]}}],"collection":[{"href":"https:\/\/www.solidaridadobrera.org\/confederal\/wp-json\/wp\/v2\/posts"}],"about":[{"href":"https:\/\/www.solidaridadobrera.org\/confederal\/wp-json\/wp\/v2\/types\/post"}],"author":[{"embeddable":true,"href":"https:\/\/www.solidaridadobrera.org\/confederal\/wp-json\/wp\/v2\/users\/4"}],"replies":[{"embeddable":true,"href":"https:\/\/www.solidaridadobrera.org\/confederal\/wp-json\/wp\/v2\/comments?post=1543"}],"version-history":[{"count":1,"href":"https:\/\/www.solidaridadobrera.org\/confederal\/wp-json\/wp\/v2\/posts\/1543\/revisions"}],"predecessor-version":[{"id":2600,"href":"https:\/\/www.solidaridadobrera.org\/confederal\/wp-json\/wp\/v2\/posts\/1543\/revisions\/2600"}],"wp:attachment":[{"href":"https:\/\/www.solidaridadobrera.org\/confederal\/wp-json\/wp\/v2\/media?parent=1543"}],"wp:term":[{"taxonomy":"category","embeddable":true,"href":"https:\/\/www.solidaridadobrera.org\/confederal\/wp-json\/wp\/v2\/categories?post=1543"},{"taxonomy":"post_tag","embeddable":true,"href":"https:\/\/www.solidaridadobrera.org\/confederal\/wp-json\/wp\/v2\/tags?post=1543"}],"curies":[{"name":"wp","href":"https:\/\/api.w.org\/{rel}","templated":true}]}}