{"id":10298,"date":"2022-02-22T08:00:18","date_gmt":"2022-02-22T08:00:18","guid":{"rendered":"https:\/\/www.solidaridadobrera.org\/confederal\/?p=10298"},"modified":"2022-02-22T08:04:09","modified_gmt":"2022-02-22T08:04:09","slug":"aviso-15-2022-metromadrid-objetivo-fondo-de-compensacion","status":"publish","type":"post","link":"https:\/\/www.solidaridadobrera.org\/confederal\/2022\/02\/22\/aviso-15-2022-metromadrid-objetivo-fondo-de-compensacion\/","title":{"rendered":"AVISO 14\/2022 METROMADRID \u2013 \u00a1\u00a1\u00a1OBJETIVO FONDO DE COMPENSACI\u00d3N!!!"},"content":{"rendered":"\n<div class=\"wp-block-file\"><a href=\"https:\/\/www.solidaridadobrera.org\/confederal\/wp-content\/uploads\/2022\/02\/Aviso-142022-1.pdf\">Aviso-142022-1<\/a><a href=\"https:\/\/www.solidaridadobrera.org\/confederal\/wp-content\/uploads\/2022\/02\/Aviso-142022-1.pdf\" class=\"wp-block-file__button\" download>Descarga<\/a><\/div>\n\n\n\n<p>Desde que salt\u00f3 el esc\u00e1ndalo del amianto en Metro, <strong>Solidaridad Obrera no ha parado un solo instante de luchar,<\/strong> primero por la erradicaci\u00f3n del amianto de nuestras instalaciones y de nuestros trenes y segundo por un fondo de compensaci\u00f3n que resarza a los y las trabajadoras por su exposici\u00f3n al amianto.<\/p>\n\n\n\n<p>Son muchos ya los compa\u00f1eros que est\u00e1n desarrollando enfermedades derivadas de la exposici\u00f3n al amianto y ya son tambi\u00e9n bastantes compa\u00f1eros los que han fallecido por esta causa, y seguro que ha habido much\u00edsimos m\u00e1s que no se han detectado por no haber a\u00fan saltado este grave problema y bien seguro que seremos muchos m\u00e1s los que caigamos enfermos y fallezcamos por causa del amianto.<\/p>\n\n\n\n<p><strong>Es por todo esto que debemos exigir la creaci\u00f3n de un fondo que nos compense por la p\u00e9rdida de esperanza de vida, que nos permita terminar anticipadamente nuestra vida laboral y recuperar as\u00ed parte del tiempo de vida que nos va a arrebatar nuestra exposici\u00f3n al amianto en el puesto de trabajo.<\/strong><\/p>\n\n\n\n<p>Ahora, y en unidad con el resto de sindicatos del Comit\u00e9 de Empresa, vamos a iniciar una lucha por lo que nos viene negando la direcci\u00f3n de Metro y los pol\u00edticos, tanto auton\u00f3micos, como estatales, una lucha que no podemos permitir que se alargue en el tiempo y para la que ya iniciamos un largo recorrido, pero que debemos afrontar con decisi\u00f3n y firmeza y no cejar en ella hasta conseguir nuestros objetivos.<\/p>\n\n\n\n<p>Desde <strong>Solidaridad Obrera<\/strong> <strong><u>LLAMAMOS A SECUNDAR LA CONCENTRACI\u00d3N CONVOCADA POR EL COMIT\u00c9 DE EMPRESA PARA EL PR\u00d3XIMO MI\u00c9RCOLES 23 DE FEBRERO, EN LA PLAZA DE LAS CORTES, FRENTE AL CONGRESO DE LOS DIPUTADOS, DE 11:30 A 13:30H.<\/u><\/strong><\/p>\n\n\n\n<p><strong>JUNTOS\/AS SOMOS M\u00c1S FUERTES<\/strong><\/p>\n\n\n\n<p><strong>JUNTOS\/AS Y DECIDIDOS PODEMOS SER INVENCIBLES<\/strong><\/p>\n\n\n\n<p><strong>CASTIGO A LOS\/AS CULPABLES<\/strong><\/p>\n\n\n\n<p><strong>\u00a1INDEMNIZACI\u00d3N Y COMPENSACI\u00d3N YA!<\/strong><\/p>\n\n\n\n<p><strong>ASAMBLEA MENSUAL. <\/strong>El pr\u00f3ximo lunes 28 de febrero tendr\u00e1 lugar la asamblea mensual de Solidaridad Obrera, de modo telem\u00e1tico como viene siendo habitual en los \u00faltimos meses, y en los horarios de 10:00 y 17:00 horas. Para ello se enviar\u00e1 por correo y a los grupos de whatsapp el enlace de zoom con el que entrar en la sala habilitada para la asamblea.<\/p>\n\n\n\n<p>Madrid a 18 de febrero de 2022<\/p>\n\n\n\n<p>Por Solidaridad Obrera<\/p>\n\n\n\n<p>La Junta Sindical<\/p>\n","protected":false},"excerpt":{"rendered":"<p>Desde que salt\u00f3 el esc\u00e1ndalo del amianto en Metro, Solidaridad Obrera no ha parado un solo instante de luchar, primero por la erradicaci\u00f3n del amianto de nuestras instalaciones y de [&hellip;]<\/p>\n","protected":false},"author":3,"featured_media":10293,"comment_status":"open","ping_status":"open","sticky":false,"template":"","format":"standard","meta":{"postBodyCss":"","postBodyMargin":[],"postBodyPadding":[],"postBodyBackground":{"backgroundType":"classic","gradient":""},"ngg_post_thumbnail":0,"footnotes":""},"categories":[694],"tags":[],"class_list":["post-10298","post","type-post","status-publish","format-standard","has-post-thumbnail","hentry","category-avisos-para-los-trabajadores-de-metro-de-madrid-2022"],"yoast_head":"<!-- This site is optimized with the Yoast SEO plugin v27.4 - https:\/\/yoast.com\/product\/yoast-seo-wordpress\/ -->\n<title>AVISO 14\/2022 METROMADRID \u2013 \u00a1\u00a1\u00a1OBJETIVO FONDO DE COMPENSACI\u00d3N!!! - CONFEDERACI\u00d3N SOLIDARIDAD OBRERA<\/title>\n<meta name=\"robots\" content=\"index, follow, max-snippet:-1, max-image-preview:large, max-video-preview:-1\" \/>\n<link rel=\"canonical\" href=\"https:\/\/www.solidaridadobrera.org\/confederal\/2022\/02\/22\/aviso-15-2022-metromadrid-objetivo-fondo-de-compensacion\/\" \/>\n<meta property=\"og:locale\" content=\"es_ES\" \/>\n<meta property=\"og:type\" content=\"article\" \/>\n<meta property=\"og:title\" content=\"AVISO 14\/2022 METROMADRID \u2013 \u00a1\u00a1\u00a1OBJETIVO FONDO DE COMPENSACI\u00d3N!!! - CONFEDERACI\u00d3N SOLIDARIDAD OBRERA\" \/>\n<meta property=\"og:description\" content=\"Desde que salt\u00f3 el esc\u00e1ndalo del amianto en Metro, Solidaridad Obrera no ha parado un solo instante de luchar, primero por la erradicaci\u00f3n del amianto de nuestras instalaciones y de [&hellip;]\" \/>\n<meta property=\"og:url\" content=\"https:\/\/www.solidaridadobrera.org\/confederal\/2022\/02\/22\/aviso-15-2022-metromadrid-objetivo-fondo-de-compensacion\/\" \/>\n<meta property=\"og:site_name\" content=\"CONFEDERACI\u00d3N SOLIDARIDAD OBRERA\" \/>\n<meta property=\"article:publisher\" content=\"https:\/\/es-es.facebook.com\/Soliobrera\" \/>\n<meta property=\"article:published_time\" content=\"2022-02-22T08:00:18+00:00\" \/>\n<meta property=\"article:modified_time\" content=\"2022-02-22T08:04:09+00:00\" \/>\n<meta property=\"og:image\" content=\"https:\/\/www.solidaridadobrera.org\/confederal\/wp-content\/uploads\/2022\/02\/23F_AMIANTO_MATA.jpeg\" \/>\n\t<meta property=\"og:image:width\" content=\"1131\" \/>\n\t<meta property=\"og:image:height\" content=\"1600\" \/>\n\t<meta property=\"og:image:type\" content=\"image\/jpeg\" \/>\n<meta name=\"author\" content=\"S.O.\" \/>\n<meta name=\"twitter:card\" content=\"summary_large_image\" \/>\n<meta name=\"twitter:label1\" content=\"Escrito por\" \/>\n\t<meta name=\"twitter:data1\" content=\"S.O.\" \/>\n\t<meta name=\"twitter:label2\" content=\"Tiempo de lectura\" \/>\n\t<meta name=\"twitter:data2\" content=\"2 minutos\" \/>\n<script type=\"application\/ld+json\" class=\"yoast-schema-graph\">{\"@context\":\"https:\\\/\\\/schema.org\",\"@graph\":[{\"@type\":\"Article\",\"@id\":\"https:\\\/\\\/www.solidaridadobrera.org\\\/confederal\\\/2022\\\/02\\\/22\\\/aviso-15-2022-metromadrid-objetivo-fondo-de-compensacion\\\/#article\",\"isPartOf\":{\"@id\":\"https:\\\/\\\/www.solidaridadobrera.org\\\/confederal\\\/2022\\\/02\\\/22\\\/aviso-15-2022-metromadrid-objetivo-fondo-de-compensacion\\\/\"},\"author\":{\"name\":\"S.O.\",\"@id\":\"https:\\\/\\\/www.solidaridadobrera.org\\\/confederal\\\/#\\\/schema\\\/person\\\/1d0b5cc67a7687e43ea0ce81cc07762b\"},\"headline\":\"AVISO 14\\\/2022 METROMADRID \u2013 \u00a1\u00a1\u00a1OBJETIVO FONDO DE COMPENSACI\u00d3N!!!\",\"datePublished\":\"2022-02-22T08:00:18+00:00\",\"dateModified\":\"2022-02-22T08:04:09+00:00\",\"mainEntityOfPage\":{\"@id\":\"https:\\\/\\\/www.solidaridadobrera.org\\\/confederal\\\/2022\\\/02\\\/22\\\/aviso-15-2022-metromadrid-objetivo-fondo-de-compensacion\\\/\"},\"wordCount\":406,\"commentCount\":0,\"publisher\":{\"@id\":\"https:\\\/\\\/www.solidaridadobrera.org\\\/confederal\\\/#organization\"},\"image\":{\"@id\":\"https:\\\/\\\/www.solidaridadobrera.org\\\/confederal\\\/2022\\\/02\\\/22\\\/aviso-15-2022-metromadrid-objetivo-fondo-de-compensacion\\\/#primaryimage\"},\"thumbnailUrl\":\"https:\\\/\\\/www.solidaridadobrera.org\\\/confederal\\\/wp-content\\\/uploads\\\/2022\\\/02\\\/23F_AMIANTO_MATA.jpeg\",\"articleSection\":[\"Avisos para los Trabajadores de Metro de Madrid 2022\"],\"inLanguage\":\"es\",\"potentialAction\":[{\"@type\":\"CommentAction\",\"name\":\"Comment\",\"target\":[\"https:\\\/\\\/www.solidaridadobrera.org\\\/confederal\\\/2022\\\/02\\\/22\\\/aviso-15-2022-metromadrid-objetivo-fondo-de-compensacion\\\/#respond\"]}]},{\"@type\":\"WebPage\",\"@id\":\"https:\\\/\\\/www.solidaridadobrera.org\\\/confederal\\\/2022\\\/02\\\/22\\\/aviso-15-2022-metromadrid-objetivo-fondo-de-compensacion\\\/\",\"url\":\"https:\\\/\\\/www.solidaridadobrera.org\\\/confederal\\\/2022\\\/02\\\/22\\\/aviso-15-2022-metromadrid-objetivo-fondo-de-compensacion\\\/\",\"name\":\"AVISO 14\\\/2022 METROMADRID \u2013 \u00a1\u00a1\u00a1OBJETIVO FONDO DE COMPENSACI\u00d3N!!! - CONFEDERACI\u00d3N SOLIDARIDAD OBRERA\",\"isPartOf\":{\"@id\":\"https:\\\/\\\/www.solidaridadobrera.org\\\/confederal\\\/#website\"},\"primaryImageOfPage\":{\"@id\":\"https:\\\/\\\/www.solidaridadobrera.org\\\/confederal\\\/2022\\\/02\\\/22\\\/aviso-15-2022-metromadrid-objetivo-fondo-de-compensacion\\\/#primaryimage\"},\"image\":{\"@id\":\"https:\\\/\\\/www.solidaridadobrera.org\\\/confederal\\\/2022\\\/02\\\/22\\\/aviso-15-2022-metromadrid-objetivo-fondo-de-compensacion\\\/#primaryimage\"},\"thumbnailUrl\":\"https:\\\/\\\/www.solidaridadobrera.org\\\/confederal\\\/wp-content\\\/uploads\\\/2022\\\/02\\\/23F_AMIANTO_MATA.jpeg\",\"datePublished\":\"2022-02-22T08:00:18+00:00\",\"dateModified\":\"2022-02-22T08:04:09+00:00\",\"breadcrumb\":{\"@id\":\"https:\\\/\\\/www.solidaridadobrera.org\\\/confederal\\\/2022\\\/02\\\/22\\\/aviso-15-2022-metromadrid-objetivo-fondo-de-compensacion\\\/#breadcrumb\"},\"inLanguage\":\"es\",\"potentialAction\":[{\"@type\":\"ReadAction\",\"target\":[\"https:\\\/\\\/www.solidaridadobrera.org\\\/confederal\\\/2022\\\/02\\\/22\\\/aviso-15-2022-metromadrid-objetivo-fondo-de-compensacion\\\/\"]}]},{\"@type\":\"ImageObject\",\"inLanguage\":\"es\",\"@id\":\"https:\\\/\\\/www.solidaridadobrera.org\\\/confederal\\\/2022\\\/02\\\/22\\\/aviso-15-2022-metromadrid-objetivo-fondo-de-compensacion\\\/#primaryimage\",\"url\":\"https:\\\/\\\/www.solidaridadobrera.org\\\/confederal\\\/wp-content\\\/uploads\\\/2022\\\/02\\\/23F_AMIANTO_MATA.jpeg\",\"contentUrl\":\"https:\\\/\\\/www.solidaridadobrera.org\\\/confederal\\\/wp-content\\\/uploads\\\/2022\\\/02\\\/23F_AMIANTO_MATA.jpeg\",\"width\":1131,\"height\":1600},{\"@type\":\"BreadcrumbList\",\"@id\":\"https:\\\/\\\/www.solidaridadobrera.org\\\/confederal\\\/2022\\\/02\\\/22\\\/aviso-15-2022-metromadrid-objetivo-fondo-de-compensacion\\\/#breadcrumb\",\"itemListElement\":[{\"@type\":\"ListItem\",\"position\":1,\"name\":\"Portada\",\"item\":\"https:\\\/\\\/www.solidaridadobrera.org\\\/confederal\\\/\"},{\"@type\":\"ListItem\",\"position\":2,\"name\":\"AVISO 14\\\/2022 METROMADRID \u2013 \u00a1\u00a1\u00a1OBJETIVO FONDO DE COMPENSACI\u00d3N!!!\"}]},{\"@type\":\"WebSite\",\"@id\":\"https:\\\/\\\/www.solidaridadobrera.org\\\/confederal\\\/#website\",\"url\":\"https:\\\/\\\/www.solidaridadobrera.org\\\/confederal\\\/\",\"name\":\"SOLIDARIDAD OBRERA\",\"description\":\"Confederaci\u00f3n Anarcosindicalista. La lucha es el \u00fanico camino.\",\"publisher\":{\"@id\":\"https:\\\/\\\/www.solidaridadobrera.org\\\/confederal\\\/#organization\"},\"potentialAction\":[{\"@type\":\"SearchAction\",\"target\":{\"@type\":\"EntryPoint\",\"urlTemplate\":\"https:\\\/\\\/www.solidaridadobrera.org\\\/confederal\\\/?s={search_term_string}\"},\"query-input\":{\"@type\":\"PropertyValueSpecification\",\"valueRequired\":true,\"valueName\":\"search_term_string\"}}],\"inLanguage\":\"es\"},{\"@type\":\"Organization\",\"@id\":\"https:\\\/\\\/www.solidaridadobrera.org\\\/confederal\\\/#organization\",\"name\":\"Solidaridad Obrera\",\"url\":\"https:\\\/\\\/www.solidaridadobrera.org\\\/confederal\\\/\",\"logo\":{\"@type\":\"ImageObject\",\"inLanguage\":\"es\",\"@id\":\"https:\\\/\\\/www.solidaridadobrera.org\\\/confederal\\\/#\\\/schema\\\/logo\\\/image\\\/\",\"url\":\"https:\\\/\\\/www.solidaridadobrera.org\\\/confederal\\\/wp-content\\\/uploads\\\/2021\\\/07\\\/logo_soli_web.png\",\"contentUrl\":\"https:\\\/\\\/www.solidaridadobrera.org\\\/confederal\\\/wp-content\\\/uploads\\\/2021\\\/07\\\/logo_soli_web.png\",\"width\":1181,\"height\":1181,\"caption\":\"Solidaridad Obrera\"},\"image\":{\"@id\":\"https:\\\/\\\/www.solidaridadobrera.org\\\/confederal\\\/#\\\/schema\\\/logo\\\/image\\\/\"},\"sameAs\":[\"https:\\\/\\\/es-es.facebook.com\\\/Soliobrera\",\"https:\\\/\\\/www.instagram.com\\\/soliobrera\\\/\",\"https:\\\/\\\/web.telegram.org\\\/a\\\/#-1001124968543\"]},{\"@type\":\"Person\",\"@id\":\"https:\\\/\\\/www.solidaridadobrera.org\\\/confederal\\\/#\\\/schema\\\/person\\\/1d0b5cc67a7687e43ea0ce81cc07762b\",\"name\":\"S.O.\",\"image\":{\"@type\":\"ImageObject\",\"inLanguage\":\"es\",\"@id\":\"https:\\\/\\\/secure.gravatar.com\\\/avatar\\\/f428d50306ef38bf07edd4476779476fb6644d1239c4355b20775b8b86b85576?s=96&d=mm&r=g\",\"url\":\"https:\\\/\\\/secure.gravatar.com\\\/avatar\\\/f428d50306ef38bf07edd4476779476fb6644d1239c4355b20775b8b86b85576?s=96&d=mm&r=g\",\"contentUrl\":\"https:\\\/\\\/secure.gravatar.com\\\/avatar\\\/f428d50306ef38bf07edd4476779476fb6644d1239c4355b20775b8b86b85576?s=96&d=mm&r=g\",\"caption\":\"S.O.\"},\"url\":\"https:\\\/\\\/www.solidaridadobrera.org\\\/confederal\\\/author\\\/solidaridad-obrera\\\/\"}]}<\/script>\n<!-- \/ Yoast SEO plugin. -->","yoast_head_json":{"title":"AVISO 14\/2022 METROMADRID \u2013 \u00a1\u00a1\u00a1OBJETIVO FONDO DE COMPENSACI\u00d3N!!! - CONFEDERACI\u00d3N SOLIDARIDAD OBRERA","robots":{"index":"index","follow":"follow","max-snippet":"max-snippet:-1","max-image-preview":"max-image-preview:large","max-video-preview":"max-video-preview:-1"},"canonical":"https:\/\/www.solidaridadobrera.org\/confederal\/2022\/02\/22\/aviso-15-2022-metromadrid-objetivo-fondo-de-compensacion\/","og_locale":"es_ES","og_type":"article","og_title":"AVISO 14\/2022 METROMADRID \u2013 \u00a1\u00a1\u00a1OBJETIVO FONDO DE COMPENSACI\u00d3N!!! - CONFEDERACI\u00d3N SOLIDARIDAD OBRERA","og_description":"Desde que salt\u00f3 el esc\u00e1ndalo del amianto en Metro, Solidaridad Obrera no ha parado un solo instante de luchar, primero por la erradicaci\u00f3n del amianto de nuestras instalaciones y de [&hellip;]","og_url":"https:\/\/www.solidaridadobrera.org\/confederal\/2022\/02\/22\/aviso-15-2022-metromadrid-objetivo-fondo-de-compensacion\/","og_site_name":"CONFEDERACI\u00d3N SOLIDARIDAD OBRERA","article_publisher":"https:\/\/es-es.facebook.com\/Soliobrera","article_published_time":"2022-02-22T08:00:18+00:00","article_modified_time":"2022-02-22T08:04:09+00:00","og_image":[{"width":1131,"height":1600,"url":"https:\/\/www.solidaridadobrera.org\/confederal\/wp-content\/uploads\/2022\/02\/23F_AMIANTO_MATA.jpeg","type":"image\/jpeg"}],"author":"S.O.","twitter_card":"summary_large_image","twitter_misc":{"Escrito por":"S.O.","Tiempo de lectura":"2 minutos"},"schema":{"@context":"https:\/\/schema.org","@graph":[{"@type":"Article","@id":"https:\/\/www.solidaridadobrera.org\/confederal\/2022\/02\/22\/aviso-15-2022-metromadrid-objetivo-fondo-de-compensacion\/#article","isPartOf":{"@id":"https:\/\/www.solidaridadobrera.org\/confederal\/2022\/02\/22\/aviso-15-2022-metromadrid-objetivo-fondo-de-compensacion\/"},"author":{"name":"S.O.","@id":"https:\/\/www.solidaridadobrera.org\/confederal\/#\/schema\/person\/1d0b5cc67a7687e43ea0ce81cc07762b"},"headline":"AVISO 14\/2022 METROMADRID \u2013 \u00a1\u00a1\u00a1OBJETIVO FONDO DE COMPENSACI\u00d3N!!!","datePublished":"2022-02-22T08:00:18+00:00","dateModified":"2022-02-22T08:04:09+00:00","mainEntityOfPage":{"@id":"https:\/\/www.solidaridadobrera.org\/confederal\/2022\/02\/22\/aviso-15-2022-metromadrid-objetivo-fondo-de-compensacion\/"},"wordCount":406,"commentCount":0,"publisher":{"@id":"https:\/\/www.solidaridadobrera.org\/confederal\/#organization"},"image":{"@id":"https:\/\/www.solidaridadobrera.org\/confederal\/2022\/02\/22\/aviso-15-2022-metromadrid-objetivo-fondo-de-compensacion\/#primaryimage"},"thumbnailUrl":"https:\/\/www.solidaridadobrera.org\/confederal\/wp-content\/uploads\/2022\/02\/23F_AMIANTO_MATA.jpeg","articleSection":["Avisos para los Trabajadores de Metro de Madrid 2022"],"inLanguage":"es","potentialAction":[{"@type":"CommentAction","name":"Comment","target":["https:\/\/www.solidaridadobrera.org\/confederal\/2022\/02\/22\/aviso-15-2022-metromadrid-objetivo-fondo-de-compensacion\/#respond"]}]},{"@type":"WebPage","@id":"https:\/\/www.solidaridadobrera.org\/confederal\/2022\/02\/22\/aviso-15-2022-metromadrid-objetivo-fondo-de-compensacion\/","url":"https:\/\/www.solidaridadobrera.org\/confederal\/2022\/02\/22\/aviso-15-2022-metromadrid-objetivo-fondo-de-compensacion\/","name":"AVISO 14\/2022 METROMADRID \u2013 \u00a1\u00a1\u00a1OBJETIVO FONDO DE COMPENSACI\u00d3N!!! - CONFEDERACI\u00d3N SOLIDARIDAD OBRERA","isPartOf":{"@id":"https:\/\/www.solidaridadobrera.org\/confederal\/#website"},"primaryImageOfPage":{"@id":"https:\/\/www.solidaridadobrera.org\/confederal\/2022\/02\/22\/aviso-15-2022-metromadrid-objetivo-fondo-de-compensacion\/#primaryimage"},"image":{"@id":"https:\/\/www.solidaridadobrera.org\/confederal\/2022\/02\/22\/aviso-15-2022-metromadrid-objetivo-fondo-de-compensacion\/#primaryimage"},"thumbnailUrl":"https:\/\/www.solidaridadobrera.org\/confederal\/wp-content\/uploads\/2022\/02\/23F_AMIANTO_MATA.jpeg","datePublished":"2022-02-22T08:00:18+00:00","dateModified":"2022-02-22T08:04:09+00:00","breadcrumb":{"@id":"https:\/\/www.solidaridadobrera.org\/confederal\/2022\/02\/22\/aviso-15-2022-metromadrid-objetivo-fondo-de-compensacion\/#breadcrumb"},"inLanguage":"es","potentialAction":[{"@type":"ReadAction","target":["https:\/\/www.solidaridadobrera.org\/confederal\/2022\/02\/22\/aviso-15-2022-metromadrid-objetivo-fondo-de-compensacion\/"]}]},{"@type":"ImageObject","inLanguage":"es","@id":"https:\/\/www.solidaridadobrera.org\/confederal\/2022\/02\/22\/aviso-15-2022-metromadrid-objetivo-fondo-de-compensacion\/#primaryimage","url":"https:\/\/www.solidaridadobrera.org\/confederal\/wp-content\/uploads\/2022\/02\/23F_AMIANTO_MATA.jpeg","contentUrl":"https:\/\/www.solidaridadobrera.org\/confederal\/wp-content\/uploads\/2022\/02\/23F_AMIANTO_MATA.jpeg","width":1131,"height":1600},{"@type":"BreadcrumbList","@id":"https:\/\/www.solidaridadobrera.org\/confederal\/2022\/02\/22\/aviso-15-2022-metromadrid-objetivo-fondo-de-compensacion\/#breadcrumb","itemListElement":[{"@type":"ListItem","position":1,"name":"Portada","item":"https:\/\/www.solidaridadobrera.org\/confederal\/"},{"@type":"ListItem","position":2,"name":"AVISO 14\/2022 METROMADRID \u2013 \u00a1\u00a1\u00a1OBJETIVO FONDO DE COMPENSACI\u00d3N!!!"}]},{"@type":"WebSite","@id":"https:\/\/www.solidaridadobrera.org\/confederal\/#website","url":"https:\/\/www.solidaridadobrera.org\/confederal\/","name":"SOLIDARIDAD OBRERA","description":"Confederaci\u00f3n Anarcosindicalista. La lucha es el \u00fanico camino.","publisher":{"@id":"https:\/\/www.solidaridadobrera.org\/confederal\/#organization"},"potentialAction":[{"@type":"SearchAction","target":{"@type":"EntryPoint","urlTemplate":"https:\/\/www.solidaridadobrera.org\/confederal\/?s={search_term_string}"},"query-input":{"@type":"PropertyValueSpecification","valueRequired":true,"valueName":"search_term_string"}}],"inLanguage":"es"},{"@type":"Organization","@id":"https:\/\/www.solidaridadobrera.org\/confederal\/#organization","name":"Solidaridad Obrera","url":"https:\/\/www.solidaridadobrera.org\/confederal\/","logo":{"@type":"ImageObject","inLanguage":"es","@id":"https:\/\/www.solidaridadobrera.org\/confederal\/#\/schema\/logo\/image\/","url":"https:\/\/www.solidaridadobrera.org\/confederal\/wp-content\/uploads\/2021\/07\/logo_soli_web.png","contentUrl":"https:\/\/www.solidaridadobrera.org\/confederal\/wp-content\/uploads\/2021\/07\/logo_soli_web.png","width":1181,"height":1181,"caption":"Solidaridad Obrera"},"image":{"@id":"https:\/\/www.solidaridadobrera.org\/confederal\/#\/schema\/logo\/image\/"},"sameAs":["https:\/\/es-es.facebook.com\/Soliobrera","https:\/\/www.instagram.com\/soliobrera\/","https:\/\/web.telegram.org\/a\/#-1001124968543"]},{"@type":"Person","@id":"https:\/\/www.solidaridadobrera.org\/confederal\/#\/schema\/person\/1d0b5cc67a7687e43ea0ce81cc07762b","name":"S.O.","image":{"@type":"ImageObject","inLanguage":"es","@id":"https:\/\/secure.gravatar.com\/avatar\/f428d50306ef38bf07edd4476779476fb6644d1239c4355b20775b8b86b85576?s=96&d=mm&r=g","url":"https:\/\/secure.gravatar.com\/avatar\/f428d50306ef38bf07edd4476779476fb6644d1239c4355b20775b8b86b85576?s=96&d=mm&r=g","contentUrl":"https:\/\/secure.gravatar.com\/avatar\/f428d50306ef38bf07edd4476779476fb6644d1239c4355b20775b8b86b85576?s=96&d=mm&r=g","caption":"S.O."},"url":"https:\/\/www.solidaridadobrera.org\/confederal\/author\/solidaridad-obrera\/"}]}},"_links":{"self":[{"href":"https:\/\/www.solidaridadobrera.org\/confederal\/wp-json\/wp\/v2\/posts\/10298","targetHints":{"allow":["GET"]}}],"collection":[{"href":"https:\/\/www.solidaridadobrera.org\/confederal\/wp-json\/wp\/v2\/posts"}],"about":[{"href":"https:\/\/www.solidaridadobrera.org\/confederal\/wp-json\/wp\/v2\/types\/post"}],"author":[{"embeddable":true,"href":"https:\/\/www.solidaridadobrera.org\/confederal\/wp-json\/wp\/v2\/users\/3"}],"replies":[{"embeddable":true,"href":"https:\/\/www.solidaridadobrera.org\/confederal\/wp-json\/wp\/v2\/comments?post=10298"}],"version-history":[{"count":2,"href":"https:\/\/www.solidaridadobrera.org\/confederal\/wp-json\/wp\/v2\/posts\/10298\/revisions"}],"predecessor-version":[{"id":10305,"href":"https:\/\/www.solidaridadobrera.org\/confederal\/wp-json\/wp\/v2\/posts\/10298\/revisions\/10305"}],"wp:featuredmedia":[{"embeddable":true,"href":"https:\/\/www.solidaridadobrera.org\/confederal\/wp-json\/wp\/v2\/media\/10293"}],"wp:attachment":[{"href":"https:\/\/www.solidaridadobrera.org\/confederal\/wp-json\/wp\/v2\/media?parent=10298"}],"wp:term":[{"taxonomy":"category","embeddable":true,"href":"https:\/\/www.solidaridadobrera.org\/confederal\/wp-json\/wp\/v2\/categories?post=10298"},{"taxonomy":"post_tag","embeddable":true,"href":"https:\/\/www.solidaridadobrera.org\/confederal\/wp-json\/wp\/v2\/tags?post=10298"}],"curies":[{"name":"wp","href":"https:\/\/api.w.org\/{rel}","templated":true}]}}