{"id":10290,"date":"2022-02-22T07:55:04","date_gmt":"2022-02-22T07:55:04","guid":{"rendered":"https:\/\/www.solidaridadobrera.org\/confederal\/?p=10290"},"modified":"2022-02-22T08:01:41","modified_gmt":"2022-02-22T08:01:41","slug":"aviso-14-2022-metromadrid-es-hora-de-recuperar-la-calle","status":"publish","type":"post","link":"https:\/\/www.solidaridadobrera.org\/confederal\/2022\/02\/22\/aviso-14-2022-metromadrid-es-hora-de-recuperar-la-calle\/","title":{"rendered":"AVISO 15\/2022 METROMADRID \u2013 ES HORA DE RECUPERAR LA CALLE"},"content":{"rendered":"\n<div class=\"wp-block-file\"><a href=\"https:\/\/www.solidaridadobrera.org\/confederal\/wp-content\/uploads\/2022\/02\/Aviso-152022.pdf\">Aviso-152022<\/a><a href=\"https:\/\/www.solidaridadobrera.org\/confederal\/wp-content\/uploads\/2022\/02\/Aviso-152022.pdf\" class=\"wp-block-file__button\" download>Descarga<\/a><\/div>\n\n\n\n<p><strong>NO A LA LEY \u00d3MNIBUS &#8211; Anteproyecto de Ley de medidas urgentes para el impulso de la actividad econ\u00f3mica y la modernizaci\u00f3n de la administraci\u00f3n de la Comunidad de Madrid<\/strong><\/p>\n\n\n\n<p><strong>MANIFESTACI\u00d3N 26 FEBRERO DE 2022 A LAS 12:00 HORAS (ATOCHA &#8211; JACINTO BENAVENTE)<\/strong><\/p>\n\n\n\n<p>Las medidas que quieren implantar con esta nueva ley \u00f3mnibus quiere y consigue precarizar m\u00e1s los sectores estrat\u00e9gicos m\u00e1s importantes de los servicios p\u00fablicos, sanidad, educaci\u00f3n, justicia, administraci\u00f3n, etc. Adem\u00e1s de liberar m\u00e1s suelo y destrozar el cat\u00e1logo de especies aut\u00f3ctonas, es un retroceso profundo en las regulaciones p\u00fablicas y un importante ataque a nuestro entorno natural para la ciudad y pueblos de Madrid que ya est\u00e1 bastante deteriorado.<\/p>\n\n\n\n<p>Llamamos a recuperar la calle y a salir en esta plataforma integrada por n\u00fameros colectivos que llaman a la movilizaci\u00f3n.<\/p>\n\n\n\n<figure class=\"wp-block-image size-large\"><img fetchpriority=\"high\" decoding=\"async\" width=\"724\" height=\"1024\" src=\"https:\/\/www.solidaridadobrera.org\/confederal\/wp-content\/uploads\/2022\/02\/23F_AMIANTO_MATA-724x1024.jpeg\" alt=\"\" class=\"wp-image-10293\" srcset=\"https:\/\/www.solidaridadobrera.org\/confederal\/wp-content\/uploads\/2022\/02\/23F_AMIANTO_MATA-724x1024.jpeg 724w, https:\/\/www.solidaridadobrera.org\/confederal\/wp-content\/uploads\/2022\/02\/23F_AMIANTO_MATA-212x300.jpeg 212w, https:\/\/www.solidaridadobrera.org\/confederal\/wp-content\/uploads\/2022\/02\/23F_AMIANTO_MATA-768x1086.jpeg 768w, https:\/\/www.solidaridadobrera.org\/confederal\/wp-content\/uploads\/2022\/02\/23F_AMIANTO_MATA-1086x1536.jpeg 1086w, https:\/\/www.solidaridadobrera.org\/confederal\/wp-content\/uploads\/2022\/02\/23F_AMIANTO_MATA.jpeg 1131w\" sizes=\"(max-width: 724px) 100vw, 724px\" \/><\/figure>\n\n\n\n<h2 class=\"has-text-align-center wp-block-heading\"><strong>VINIMOS A TRABAJAR, NO A MORIR &#8211; JUBILACI\u00d3N E INDEMNIZACI\u00d3N YA &#8211; AMIANTO MATA<\/strong><\/h2>\n\n\n\n<h2 class=\"has-text-align-center wp-block-heading\"><strong>CONCENTRACI\u00d3N 23 DE FEBRERO A LAS 11:30 EN EL CONGRESO<\/strong><\/h2>\n\n\n\n<p>Desde <strong>Solidaridad Obrera y todo el Comit\u00e9 de Empresa<\/strong> <strong><u>LLAMAMOS A SECUNDAR LA CONCENTRACI\u00d3N CONVOCADA POR EL COMIT\u00c9 DE EMPRESA PARA EL PR\u00d3XIMO MI\u00c9RCOLES 23 DE FEBRERO, EN LA PLAZA DE LAS CORTES, FRENTE AL CONGRESO DE LOS DIPUTADOS, DE 11:30 A 13:30H.<\/u><\/strong><\/p>\n\n\n\n<p><strong>JUNTOS\/AS SOMOS M\u00c1S FUERTES<\/strong><\/p>\n\n\n\n<p><strong>JUNTOS\/AS Y DECIDIDOS PODEMOS SER INVENCIBLES<\/strong><\/p>\n\n\n\n<p><strong>CASTIGO A LOS\/AS CULPABLES<\/strong><\/p>\n\n\n\n<p><strong>\u00a1INDEMNIZACI\u00d3N Y COMPENSACI\u00d3N YA!<\/strong><\/p>\n\n\n\n<h2 class=\"has-text-align-center wp-block-heading\"><strong>CONTRAMARCHA JOSETE<\/strong><\/h2>\n\n\n\n<p><strong><u>Como ya publicamos hace tiempo, se va a elaborar un n\u00famero especial del CONTRAMARCHA de la Secci\u00f3n de Metro de Madrid en homenaje a Josete.<\/u><\/strong> Queremos invitaros a participar, compa\u00f1eros\/as de trabajo, familia, amigos\/as, compa\u00f1eros\/as de lucha en todos los espacios donde estaba, la Piluka, la Escuela de Adultos, la Asociaci\u00f3n de Vecinos de la Flor, el Ateneo Republicano de Vallecas, etc. y por supuesto los que ya desde antes de la transici\u00f3n envolvieron toda su vida de lucha, de norte a sur, de este a oeste\u2026 c\u00f3mo le gustaba gritar con voz fuerte, la lucha sigue cueste lo que cueste.<\/p>\n\n\n\n<p>Est\u00e1 pensado sacar este n\u00famero para marzo, junto con las fotos del Homenaje que se realiz\u00f3 en Hontanares el pasado d\u00eda 12 de febrero, se agradece la difusi\u00f3n y no apurar el plazo, que lo fijamos para maquetar la primera quincena de marzo. Pod\u00e9is enviarlo al correo (soliobrera@gmail.com), por carta para los y las m\u00e1s cl\u00e1sicas o traerlo a la secci\u00f3n (Valderribas 49, 2\u00ba IZ \u2013 914335786), siempre es agradable veros.<\/p>\n","protected":false},"excerpt":{"rendered":"<p>NO A LA LEY \u00d3MNIBUS &#8211; Anteproyecto de Ley de medidas urgentes para el impulso de la actividad econ\u00f3mica y la modernizaci\u00f3n de la administraci\u00f3n de la Comunidad de Madrid [&hellip;]<\/p>\n","protected":false},"author":3,"featured_media":10292,"comment_status":"open","ping_status":"open","sticky":false,"template":"","format":"standard","meta":{"postBodyCss":"","postBodyMargin":[],"postBodyPadding":[],"postBodyBackground":{"backgroundType":"classic","gradient":""},"ngg_post_thumbnail":0,"footnotes":""},"categories":[694],"tags":[],"class_list":["post-10290","post","type-post","status-publish","format-standard","has-post-thumbnail","hentry","category-avisos-para-los-trabajadores-de-metro-de-madrid-2022"],"yoast_head":"<!-- This site is optimized with the Yoast SEO plugin v27.4 - https:\/\/yoast.com\/product\/yoast-seo-wordpress\/ -->\n<title>AVISO 15\/2022 METROMADRID \u2013 ES HORA DE RECUPERAR LA CALLE - CONFEDERACI\u00d3N SOLIDARIDAD OBRERA<\/title>\n<meta name=\"robots\" content=\"index, follow, max-snippet:-1, max-image-preview:large, max-video-preview:-1\" \/>\n<link rel=\"canonical\" href=\"https:\/\/www.solidaridadobrera.org\/confederal\/2022\/02\/22\/aviso-14-2022-metromadrid-es-hora-de-recuperar-la-calle\/\" \/>\n<meta property=\"og:locale\" content=\"es_ES\" \/>\n<meta property=\"og:type\" content=\"article\" \/>\n<meta property=\"og:title\" content=\"AVISO 15\/2022 METROMADRID \u2013 ES HORA DE RECUPERAR LA CALLE - CONFEDERACI\u00d3N SOLIDARIDAD OBRERA\" \/>\n<meta property=\"og:description\" content=\"NO A LA LEY \u00d3MNIBUS &#8211; Anteproyecto de Ley de medidas urgentes para el impulso de la actividad econ\u00f3mica y la modernizaci\u00f3n de la administraci\u00f3n de la Comunidad de Madrid [&hellip;]\" \/>\n<meta property=\"og:url\" content=\"https:\/\/www.solidaridadobrera.org\/confederal\/2022\/02\/22\/aviso-14-2022-metromadrid-es-hora-de-recuperar-la-calle\/\" \/>\n<meta property=\"og:site_name\" content=\"CONFEDERACI\u00d3N SOLIDARIDAD OBRERA\" \/>\n<meta property=\"article:publisher\" content=\"https:\/\/es-es.facebook.com\/Soliobrera\" \/>\n<meta property=\"article:published_time\" content=\"2022-02-22T07:55:04+00:00\" \/>\n<meta property=\"article:modified_time\" content=\"2022-02-22T08:01:41+00:00\" \/>\n<meta property=\"og:image\" content=\"https:\/\/www.solidaridadobrera.org\/confederal\/wp-content\/uploads\/2022\/02\/Ley-Omnibus-Cabecera-scaled.jpg\" \/>\n\t<meta property=\"og:image:width\" content=\"2560\" \/>\n\t<meta property=\"og:image:height\" content=\"1489\" \/>\n\t<meta property=\"og:image:type\" content=\"image\/jpeg\" \/>\n<meta name=\"author\" content=\"S.O.\" \/>\n<meta name=\"twitter:card\" content=\"summary_large_image\" \/>\n<meta name=\"twitter:label1\" content=\"Escrito por\" \/>\n\t<meta name=\"twitter:data1\" content=\"S.O.\" \/>\n\t<meta name=\"twitter:label2\" content=\"Tiempo de lectura\" \/>\n\t<meta name=\"twitter:data2\" content=\"2 minutos\" \/>\n<script type=\"application\/ld+json\" class=\"yoast-schema-graph\">{\"@context\":\"https:\\\/\\\/schema.org\",\"@graph\":[{\"@type\":\"Article\",\"@id\":\"https:\\\/\\\/www.solidaridadobrera.org\\\/confederal\\\/2022\\\/02\\\/22\\\/aviso-14-2022-metromadrid-es-hora-de-recuperar-la-calle\\\/#article\",\"isPartOf\":{\"@id\":\"https:\\\/\\\/www.solidaridadobrera.org\\\/confederal\\\/2022\\\/02\\\/22\\\/aviso-14-2022-metromadrid-es-hora-de-recuperar-la-calle\\\/\"},\"author\":{\"name\":\"S.O.\",\"@id\":\"https:\\\/\\\/www.solidaridadobrera.org\\\/confederal\\\/#\\\/schema\\\/person\\\/1d0b5cc67a7687e43ea0ce81cc07762b\"},\"headline\":\"AVISO 15\\\/2022 METROMADRID \u2013 ES HORA DE RECUPERAR LA CALLE\",\"datePublished\":\"2022-02-22T07:55:04+00:00\",\"dateModified\":\"2022-02-22T08:01:41+00:00\",\"mainEntityOfPage\":{\"@id\":\"https:\\\/\\\/www.solidaridadobrera.org\\\/confederal\\\/2022\\\/02\\\/22\\\/aviso-14-2022-metromadrid-es-hora-de-recuperar-la-calle\\\/\"},\"wordCount\":437,\"commentCount\":0,\"publisher\":{\"@id\":\"https:\\\/\\\/www.solidaridadobrera.org\\\/confederal\\\/#organization\"},\"image\":{\"@id\":\"https:\\\/\\\/www.solidaridadobrera.org\\\/confederal\\\/2022\\\/02\\\/22\\\/aviso-14-2022-metromadrid-es-hora-de-recuperar-la-calle\\\/#primaryimage\"},\"thumbnailUrl\":\"https:\\\/\\\/www.solidaridadobrera.org\\\/confederal\\\/wp-content\\\/uploads\\\/2022\\\/02\\\/Ley-Omnibus-Cabecera-scaled.jpg\",\"articleSection\":[\"Avisos para los Trabajadores de Metro de Madrid 2022\"],\"inLanguage\":\"es\",\"potentialAction\":[{\"@type\":\"CommentAction\",\"name\":\"Comment\",\"target\":[\"https:\\\/\\\/www.solidaridadobrera.org\\\/confederal\\\/2022\\\/02\\\/22\\\/aviso-14-2022-metromadrid-es-hora-de-recuperar-la-calle\\\/#respond\"]}]},{\"@type\":\"WebPage\",\"@id\":\"https:\\\/\\\/www.solidaridadobrera.org\\\/confederal\\\/2022\\\/02\\\/22\\\/aviso-14-2022-metromadrid-es-hora-de-recuperar-la-calle\\\/\",\"url\":\"https:\\\/\\\/www.solidaridadobrera.org\\\/confederal\\\/2022\\\/02\\\/22\\\/aviso-14-2022-metromadrid-es-hora-de-recuperar-la-calle\\\/\",\"name\":\"AVISO 15\\\/2022 METROMADRID \u2013 ES HORA DE RECUPERAR LA CALLE - CONFEDERACI\u00d3N SOLIDARIDAD OBRERA\",\"isPartOf\":{\"@id\":\"https:\\\/\\\/www.solidaridadobrera.org\\\/confederal\\\/#website\"},\"primaryImageOfPage\":{\"@id\":\"https:\\\/\\\/www.solidaridadobrera.org\\\/confederal\\\/2022\\\/02\\\/22\\\/aviso-14-2022-metromadrid-es-hora-de-recuperar-la-calle\\\/#primaryimage\"},\"image\":{\"@id\":\"https:\\\/\\\/www.solidaridadobrera.org\\\/confederal\\\/2022\\\/02\\\/22\\\/aviso-14-2022-metromadrid-es-hora-de-recuperar-la-calle\\\/#primaryimage\"},\"thumbnailUrl\":\"https:\\\/\\\/www.solidaridadobrera.org\\\/confederal\\\/wp-content\\\/uploads\\\/2022\\\/02\\\/Ley-Omnibus-Cabecera-scaled.jpg\",\"datePublished\":\"2022-02-22T07:55:04+00:00\",\"dateModified\":\"2022-02-22T08:01:41+00:00\",\"breadcrumb\":{\"@id\":\"https:\\\/\\\/www.solidaridadobrera.org\\\/confederal\\\/2022\\\/02\\\/22\\\/aviso-14-2022-metromadrid-es-hora-de-recuperar-la-calle\\\/#breadcrumb\"},\"inLanguage\":\"es\",\"potentialAction\":[{\"@type\":\"ReadAction\",\"target\":[\"https:\\\/\\\/www.solidaridadobrera.org\\\/confederal\\\/2022\\\/02\\\/22\\\/aviso-14-2022-metromadrid-es-hora-de-recuperar-la-calle\\\/\"]}]},{\"@type\":\"ImageObject\",\"inLanguage\":\"es\",\"@id\":\"https:\\\/\\\/www.solidaridadobrera.org\\\/confederal\\\/2022\\\/02\\\/22\\\/aviso-14-2022-metromadrid-es-hora-de-recuperar-la-calle\\\/#primaryimage\",\"url\":\"https:\\\/\\\/www.solidaridadobrera.org\\\/confederal\\\/wp-content\\\/uploads\\\/2022\\\/02\\\/Ley-Omnibus-Cabecera-scaled.jpg\",\"contentUrl\":\"https:\\\/\\\/www.solidaridadobrera.org\\\/confederal\\\/wp-content\\\/uploads\\\/2022\\\/02\\\/Ley-Omnibus-Cabecera-scaled.jpg\",\"width\":2560,\"height\":1489},{\"@type\":\"BreadcrumbList\",\"@id\":\"https:\\\/\\\/www.solidaridadobrera.org\\\/confederal\\\/2022\\\/02\\\/22\\\/aviso-14-2022-metromadrid-es-hora-de-recuperar-la-calle\\\/#breadcrumb\",\"itemListElement\":[{\"@type\":\"ListItem\",\"position\":1,\"name\":\"Portada\",\"item\":\"https:\\\/\\\/www.solidaridadobrera.org\\\/confederal\\\/\"},{\"@type\":\"ListItem\",\"position\":2,\"name\":\"AVISO 15\\\/2022 METROMADRID \u2013 ES HORA DE RECUPERAR LA CALLE\"}]},{\"@type\":\"WebSite\",\"@id\":\"https:\\\/\\\/www.solidaridadobrera.org\\\/confederal\\\/#website\",\"url\":\"https:\\\/\\\/www.solidaridadobrera.org\\\/confederal\\\/\",\"name\":\"SOLIDARIDAD OBRERA\",\"description\":\"Confederaci\u00f3n Anarcosindicalista. La lucha es el \u00fanico camino.\",\"publisher\":{\"@id\":\"https:\\\/\\\/www.solidaridadobrera.org\\\/confederal\\\/#organization\"},\"potentialAction\":[{\"@type\":\"SearchAction\",\"target\":{\"@type\":\"EntryPoint\",\"urlTemplate\":\"https:\\\/\\\/www.solidaridadobrera.org\\\/confederal\\\/?s={search_term_string}\"},\"query-input\":{\"@type\":\"PropertyValueSpecification\",\"valueRequired\":true,\"valueName\":\"search_term_string\"}}],\"inLanguage\":\"es\"},{\"@type\":\"Organization\",\"@id\":\"https:\\\/\\\/www.solidaridadobrera.org\\\/confederal\\\/#organization\",\"name\":\"Solidaridad Obrera\",\"url\":\"https:\\\/\\\/www.solidaridadobrera.org\\\/confederal\\\/\",\"logo\":{\"@type\":\"ImageObject\",\"inLanguage\":\"es\",\"@id\":\"https:\\\/\\\/www.solidaridadobrera.org\\\/confederal\\\/#\\\/schema\\\/logo\\\/image\\\/\",\"url\":\"https:\\\/\\\/www.solidaridadobrera.org\\\/confederal\\\/wp-content\\\/uploads\\\/2021\\\/07\\\/logo_soli_web.png\",\"contentUrl\":\"https:\\\/\\\/www.solidaridadobrera.org\\\/confederal\\\/wp-content\\\/uploads\\\/2021\\\/07\\\/logo_soli_web.png\",\"width\":1181,\"height\":1181,\"caption\":\"Solidaridad Obrera\"},\"image\":{\"@id\":\"https:\\\/\\\/www.solidaridadobrera.org\\\/confederal\\\/#\\\/schema\\\/logo\\\/image\\\/\"},\"sameAs\":[\"https:\\\/\\\/es-es.facebook.com\\\/Soliobrera\",\"https:\\\/\\\/www.instagram.com\\\/soliobrera\\\/\",\"https:\\\/\\\/web.telegram.org\\\/a\\\/#-1001124968543\"]},{\"@type\":\"Person\",\"@id\":\"https:\\\/\\\/www.solidaridadobrera.org\\\/confederal\\\/#\\\/schema\\\/person\\\/1d0b5cc67a7687e43ea0ce81cc07762b\",\"name\":\"S.O.\",\"image\":{\"@type\":\"ImageObject\",\"inLanguage\":\"es\",\"@id\":\"https:\\\/\\\/secure.gravatar.com\\\/avatar\\\/f428d50306ef38bf07edd4476779476fb6644d1239c4355b20775b8b86b85576?s=96&d=mm&r=g\",\"url\":\"https:\\\/\\\/secure.gravatar.com\\\/avatar\\\/f428d50306ef38bf07edd4476779476fb6644d1239c4355b20775b8b86b85576?s=96&d=mm&r=g\",\"contentUrl\":\"https:\\\/\\\/secure.gravatar.com\\\/avatar\\\/f428d50306ef38bf07edd4476779476fb6644d1239c4355b20775b8b86b85576?s=96&d=mm&r=g\",\"caption\":\"S.O.\"},\"url\":\"https:\\\/\\\/www.solidaridadobrera.org\\\/confederal\\\/author\\\/solidaridad-obrera\\\/\"}]}<\/script>\n<!-- \/ Yoast SEO plugin. -->","yoast_head_json":{"title":"AVISO 15\/2022 METROMADRID \u2013 ES HORA DE RECUPERAR LA CALLE - CONFEDERACI\u00d3N SOLIDARIDAD OBRERA","robots":{"index":"index","follow":"follow","max-snippet":"max-snippet:-1","max-image-preview":"max-image-preview:large","max-video-preview":"max-video-preview:-1"},"canonical":"https:\/\/www.solidaridadobrera.org\/confederal\/2022\/02\/22\/aviso-14-2022-metromadrid-es-hora-de-recuperar-la-calle\/","og_locale":"es_ES","og_type":"article","og_title":"AVISO 15\/2022 METROMADRID \u2013 ES HORA DE RECUPERAR LA CALLE - CONFEDERACI\u00d3N SOLIDARIDAD OBRERA","og_description":"NO A LA LEY \u00d3MNIBUS &#8211; Anteproyecto de Ley de medidas urgentes para el impulso de la actividad econ\u00f3mica y la modernizaci\u00f3n de la administraci\u00f3n de la Comunidad de Madrid [&hellip;]","og_url":"https:\/\/www.solidaridadobrera.org\/confederal\/2022\/02\/22\/aviso-14-2022-metromadrid-es-hora-de-recuperar-la-calle\/","og_site_name":"CONFEDERACI\u00d3N SOLIDARIDAD OBRERA","article_publisher":"https:\/\/es-es.facebook.com\/Soliobrera","article_published_time":"2022-02-22T07:55:04+00:00","article_modified_time":"2022-02-22T08:01:41+00:00","og_image":[{"width":2560,"height":1489,"url":"https:\/\/www.solidaridadobrera.org\/confederal\/wp-content\/uploads\/2022\/02\/Ley-Omnibus-Cabecera-scaled.jpg","type":"image\/jpeg"}],"author":"S.O.","twitter_card":"summary_large_image","twitter_misc":{"Escrito por":"S.O.","Tiempo de lectura":"2 minutos"},"schema":{"@context":"https:\/\/schema.org","@graph":[{"@type":"Article","@id":"https:\/\/www.solidaridadobrera.org\/confederal\/2022\/02\/22\/aviso-14-2022-metromadrid-es-hora-de-recuperar-la-calle\/#article","isPartOf":{"@id":"https:\/\/www.solidaridadobrera.org\/confederal\/2022\/02\/22\/aviso-14-2022-metromadrid-es-hora-de-recuperar-la-calle\/"},"author":{"name":"S.O.","@id":"https:\/\/www.solidaridadobrera.org\/confederal\/#\/schema\/person\/1d0b5cc67a7687e43ea0ce81cc07762b"},"headline":"AVISO 15\/2022 METROMADRID \u2013 ES HORA DE RECUPERAR LA CALLE","datePublished":"2022-02-22T07:55:04+00:00","dateModified":"2022-02-22T08:01:41+00:00","mainEntityOfPage":{"@id":"https:\/\/www.solidaridadobrera.org\/confederal\/2022\/02\/22\/aviso-14-2022-metromadrid-es-hora-de-recuperar-la-calle\/"},"wordCount":437,"commentCount":0,"publisher":{"@id":"https:\/\/www.solidaridadobrera.org\/confederal\/#organization"},"image":{"@id":"https:\/\/www.solidaridadobrera.org\/confederal\/2022\/02\/22\/aviso-14-2022-metromadrid-es-hora-de-recuperar-la-calle\/#primaryimage"},"thumbnailUrl":"https:\/\/www.solidaridadobrera.org\/confederal\/wp-content\/uploads\/2022\/02\/Ley-Omnibus-Cabecera-scaled.jpg","articleSection":["Avisos para los Trabajadores de Metro de Madrid 2022"],"inLanguage":"es","potentialAction":[{"@type":"CommentAction","name":"Comment","target":["https:\/\/www.solidaridadobrera.org\/confederal\/2022\/02\/22\/aviso-14-2022-metromadrid-es-hora-de-recuperar-la-calle\/#respond"]}]},{"@type":"WebPage","@id":"https:\/\/www.solidaridadobrera.org\/confederal\/2022\/02\/22\/aviso-14-2022-metromadrid-es-hora-de-recuperar-la-calle\/","url":"https:\/\/www.solidaridadobrera.org\/confederal\/2022\/02\/22\/aviso-14-2022-metromadrid-es-hora-de-recuperar-la-calle\/","name":"AVISO 15\/2022 METROMADRID \u2013 ES HORA DE RECUPERAR LA CALLE - CONFEDERACI\u00d3N SOLIDARIDAD OBRERA","isPartOf":{"@id":"https:\/\/www.solidaridadobrera.org\/confederal\/#website"},"primaryImageOfPage":{"@id":"https:\/\/www.solidaridadobrera.org\/confederal\/2022\/02\/22\/aviso-14-2022-metromadrid-es-hora-de-recuperar-la-calle\/#primaryimage"},"image":{"@id":"https:\/\/www.solidaridadobrera.org\/confederal\/2022\/02\/22\/aviso-14-2022-metromadrid-es-hora-de-recuperar-la-calle\/#primaryimage"},"thumbnailUrl":"https:\/\/www.solidaridadobrera.org\/confederal\/wp-content\/uploads\/2022\/02\/Ley-Omnibus-Cabecera-scaled.jpg","datePublished":"2022-02-22T07:55:04+00:00","dateModified":"2022-02-22T08:01:41+00:00","breadcrumb":{"@id":"https:\/\/www.solidaridadobrera.org\/confederal\/2022\/02\/22\/aviso-14-2022-metromadrid-es-hora-de-recuperar-la-calle\/#breadcrumb"},"inLanguage":"es","potentialAction":[{"@type":"ReadAction","target":["https:\/\/www.solidaridadobrera.org\/confederal\/2022\/02\/22\/aviso-14-2022-metromadrid-es-hora-de-recuperar-la-calle\/"]}]},{"@type":"ImageObject","inLanguage":"es","@id":"https:\/\/www.solidaridadobrera.org\/confederal\/2022\/02\/22\/aviso-14-2022-metromadrid-es-hora-de-recuperar-la-calle\/#primaryimage","url":"https:\/\/www.solidaridadobrera.org\/confederal\/wp-content\/uploads\/2022\/02\/Ley-Omnibus-Cabecera-scaled.jpg","contentUrl":"https:\/\/www.solidaridadobrera.org\/confederal\/wp-content\/uploads\/2022\/02\/Ley-Omnibus-Cabecera-scaled.jpg","width":2560,"height":1489},{"@type":"BreadcrumbList","@id":"https:\/\/www.solidaridadobrera.org\/confederal\/2022\/02\/22\/aviso-14-2022-metromadrid-es-hora-de-recuperar-la-calle\/#breadcrumb","itemListElement":[{"@type":"ListItem","position":1,"name":"Portada","item":"https:\/\/www.solidaridadobrera.org\/confederal\/"},{"@type":"ListItem","position":2,"name":"AVISO 15\/2022 METROMADRID \u2013 ES HORA DE RECUPERAR LA CALLE"}]},{"@type":"WebSite","@id":"https:\/\/www.solidaridadobrera.org\/confederal\/#website","url":"https:\/\/www.solidaridadobrera.org\/confederal\/","name":"SOLIDARIDAD OBRERA","description":"Confederaci\u00f3n Anarcosindicalista. La lucha es el \u00fanico camino.","publisher":{"@id":"https:\/\/www.solidaridadobrera.org\/confederal\/#organization"},"potentialAction":[{"@type":"SearchAction","target":{"@type":"EntryPoint","urlTemplate":"https:\/\/www.solidaridadobrera.org\/confederal\/?s={search_term_string}"},"query-input":{"@type":"PropertyValueSpecification","valueRequired":true,"valueName":"search_term_string"}}],"inLanguage":"es"},{"@type":"Organization","@id":"https:\/\/www.solidaridadobrera.org\/confederal\/#organization","name":"Solidaridad Obrera","url":"https:\/\/www.solidaridadobrera.org\/confederal\/","logo":{"@type":"ImageObject","inLanguage":"es","@id":"https:\/\/www.solidaridadobrera.org\/confederal\/#\/schema\/logo\/image\/","url":"https:\/\/www.solidaridadobrera.org\/confederal\/wp-content\/uploads\/2021\/07\/logo_soli_web.png","contentUrl":"https:\/\/www.solidaridadobrera.org\/confederal\/wp-content\/uploads\/2021\/07\/logo_soli_web.png","width":1181,"height":1181,"caption":"Solidaridad Obrera"},"image":{"@id":"https:\/\/www.solidaridadobrera.org\/confederal\/#\/schema\/logo\/image\/"},"sameAs":["https:\/\/es-es.facebook.com\/Soliobrera","https:\/\/www.instagram.com\/soliobrera\/","https:\/\/web.telegram.org\/a\/#-1001124968543"]},{"@type":"Person","@id":"https:\/\/www.solidaridadobrera.org\/confederal\/#\/schema\/person\/1d0b5cc67a7687e43ea0ce81cc07762b","name":"S.O.","image":{"@type":"ImageObject","inLanguage":"es","@id":"https:\/\/secure.gravatar.com\/avatar\/f428d50306ef38bf07edd4476779476fb6644d1239c4355b20775b8b86b85576?s=96&d=mm&r=g","url":"https:\/\/secure.gravatar.com\/avatar\/f428d50306ef38bf07edd4476779476fb6644d1239c4355b20775b8b86b85576?s=96&d=mm&r=g","contentUrl":"https:\/\/secure.gravatar.com\/avatar\/f428d50306ef38bf07edd4476779476fb6644d1239c4355b20775b8b86b85576?s=96&d=mm&r=g","caption":"S.O."},"url":"https:\/\/www.solidaridadobrera.org\/confederal\/author\/solidaridad-obrera\/"}]}},"_links":{"self":[{"href":"https:\/\/www.solidaridadobrera.org\/confederal\/wp-json\/wp\/v2\/posts\/10290","targetHints":{"allow":["GET"]}}],"collection":[{"href":"https:\/\/www.solidaridadobrera.org\/confederal\/wp-json\/wp\/v2\/posts"}],"about":[{"href":"https:\/\/www.solidaridadobrera.org\/confederal\/wp-json\/wp\/v2\/types\/post"}],"author":[{"embeddable":true,"href":"https:\/\/www.solidaridadobrera.org\/confederal\/wp-json\/wp\/v2\/users\/3"}],"replies":[{"embeddable":true,"href":"https:\/\/www.solidaridadobrera.org\/confederal\/wp-json\/wp\/v2\/comments?post=10290"}],"version-history":[{"count":4,"href":"https:\/\/www.solidaridadobrera.org\/confederal\/wp-json\/wp\/v2\/posts\/10290\/revisions"}],"predecessor-version":[{"id":10304,"href":"https:\/\/www.solidaridadobrera.org\/confederal\/wp-json\/wp\/v2\/posts\/10290\/revisions\/10304"}],"wp:featuredmedia":[{"embeddable":true,"href":"https:\/\/www.solidaridadobrera.org\/confederal\/wp-json\/wp\/v2\/media\/10292"}],"wp:attachment":[{"href":"https:\/\/www.solidaridadobrera.org\/confederal\/wp-json\/wp\/v2\/media?parent=10290"}],"wp:term":[{"taxonomy":"category","embeddable":true,"href":"https:\/\/www.solidaridadobrera.org\/confederal\/wp-json\/wp\/v2\/categories?post=10290"},{"taxonomy":"post_tag","embeddable":true,"href":"https:\/\/www.solidaridadobrera.org\/confederal\/wp-json\/wp\/v2\/tags?post=10290"}],"curies":[{"name":"wp","href":"https:\/\/api.w.org\/{rel}","templated":true}]}}