{"id":10286,"date":"2022-02-15T12:05:01","date_gmt":"2022-02-15T12:05:01","guid":{"rendered":"https:\/\/www.solidaridadobrera.org\/confederal\/?p=10286"},"modified":"2022-02-15T13:02:56","modified_gmt":"2022-02-15T13:02:56","slug":"aviso-12-2022-metromadrid-accidente-laboral-terrorismo-patronal-mueren-dos-trabajadores","status":"publish","type":"post","link":"https:\/\/www.solidaridadobrera.org\/confederal\/2022\/02\/15\/aviso-12-2022-metromadrid-accidente-laboral-terrorismo-patronal-mueren-dos-trabajadores\/","title":{"rendered":"AVISO 13\/2022 METROMADRID \u2013 ACCIDENTE LABORAL TERRORISMO PATRONAL &#8211; MUEREN DOS TRABAJADORES"},"content":{"rendered":"\n<div class=\"wp-block-file\"><a href=\"https:\/\/www.solidaridadobrera.org\/confederal\/wp-content\/uploads\/2022\/02\/Aviso-132022.pdf\">Aviso-132022<\/a><a href=\"https:\/\/www.solidaridadobrera.org\/confederal\/wp-content\/uploads\/2022\/02\/Aviso-132022.pdf\" class=\"wp-block-file__button\" download>Descarga<\/a><\/div>\n\n\n\n<p><strong>El pasado 3 de febrero en el Metro de Medell\u00edn dos compa\u00f1eros del Servicio de V\u00edas perdieron la vida debido a un arrollamiento, los protocolos de bajada a la v\u00eda para realizar trabajos y la extrema precariedad laboral con la que se desarrolla la actividad, son las pr\u00e1cticas empresariales que han determinado el resultado del accidente, el fallecimiento de dos trabajadores.<\/strong><\/p>\n\n\n\n<p>Las <strong><u>Secciones Sindicales de Solidaridad Obrera en los Metros de Barcelona y Madrid<\/u><\/strong>, y los y las trabajadoras de estos Metros, <strong>queremos mostrar nuestro pesar por la p\u00e9rdida de los dos trabajadores fallecidos el pasado jueves 3 de febrero en el Metro de Medell\u00edn y solidarizarnos con sus familias, amigos y compa\u00f1eras.<\/strong><\/p>\n\n\n\n<p>Tememos que la Direcci\u00f3n, responsable de no implementar las medidas suficientes que hubieran evitado el accidente, ahora quiera cargar todas las responsabilidades sobre los compa\u00f1eros fallecidos y el conductor del tren, <strong>con el solo objetivo de ocultar su nefasta gesti\u00f3n y salir indemnes del proceso judicial abierto.<\/strong><\/p>\n\n\n\n<p>Tambi\u00e9n es responsable la Direcci\u00f3n de la abundante tercerizaci\u00f3n en la empresa, restando esto profesionalidad a los puestos de trabajo y aumentado el riesgo de que ocurran accidentes laborales, debido a la temporalidad y a la habitual falta de formaci\u00f3n hacia los compa\u00f1eros y compa\u00f1eras subcontratadas.<\/p>\n\n\n\n<p><strong><u>Por tanto, desde Solidaridad Obrera exigimos:<\/u><\/strong><\/p>\n\n\n\n<ul class=\"wp-block-list\"><li>La <strong>depuraci\u00f3n de responsabilidades en la Direcci\u00f3n del Metro de Medell\u00edn<\/strong>, con el consiguiente castigo ejemplar a los culpables.<\/li><li><strong>El fin inmediato de la tercerizaci\u00f3n,<\/strong> con la subrogaci\u00f3n de los trabajadores y trabajadoras subcontratados a la plantilla de Metro de Medell\u00edn.<\/li><li><strong>El establecimiento de una normativa de circulaci\u00f3n moderna equiparable al resto de Metros <\/strong>del mundo que implemente las necesarias medidas encaminadas a evitar de futuro los accidentes de trabajo.<\/li><\/ul>\n\n\n\n<p><strong>LA SUBCONTRATACI\u00d3N, TERCERIZACI\u00d3N Y PRIVATIZACI\u00d3N MATA<\/strong><\/p>\n\n\n\n<p><strong>DEPURACI\u00d3N EN LA DIRECCI\u00d3N<\/strong><\/p>\n\n\n\n<p><strong>CESE INMEDIATO DE LOS RESPONSABLES DE LA EMPRESA<\/strong><\/p>\n","protected":false},"excerpt":{"rendered":"<p>El pasado 3 de febrero en el Metro de Medell\u00edn dos compa\u00f1eros del Servicio de V\u00edas perdieron la vida debido a un arrollamiento, los protocolos de bajada a la v\u00eda [&hellip;]<\/p>\n","protected":false},"author":3,"featured_media":9694,"comment_status":"open","ping_status":"open","sticky":false,"template":"","format":"standard","meta":{"postBodyCss":"","postBodyMargin":[],"postBodyPadding":[],"postBodyBackground":{"backgroundType":"classic","gradient":""},"ngg_post_thumbnail":0,"footnotes":""},"categories":[694],"tags":[],"class_list":["post-10286","post","type-post","status-publish","format-standard","has-post-thumbnail","hentry","category-avisos-para-los-trabajadores-de-metro-de-madrid-2022"],"yoast_head":"<!-- This site is optimized with the Yoast SEO plugin v27.4 - https:\/\/yoast.com\/product\/yoast-seo-wordpress\/ -->\n<title>AVISO 13\/2022 METROMADRID \u2013 ACCIDENTE LABORAL TERRORISMO PATRONAL - MUEREN DOS TRABAJADORES - CONFEDERACI\u00d3N SOLIDARIDAD OBRERA<\/title>\n<meta name=\"robots\" content=\"index, follow, max-snippet:-1, max-image-preview:large, max-video-preview:-1\" \/>\n<link rel=\"canonical\" href=\"https:\/\/www.solidaridadobrera.org\/confederal\/2022\/02\/15\/aviso-12-2022-metromadrid-accidente-laboral-terrorismo-patronal-mueren-dos-trabajadores\/\" \/>\n<meta property=\"og:locale\" content=\"es_ES\" \/>\n<meta property=\"og:type\" content=\"article\" \/>\n<meta property=\"og:title\" content=\"AVISO 13\/2022 METROMADRID \u2013 ACCIDENTE LABORAL TERRORISMO PATRONAL - MUEREN DOS TRABAJADORES - CONFEDERACI\u00d3N SOLIDARIDAD OBRERA\" \/>\n<meta property=\"og:description\" content=\"El pasado 3 de febrero en el Metro de Medell\u00edn dos compa\u00f1eros del Servicio de V\u00edas perdieron la vida debido a un arrollamiento, los protocolos de bajada a la v\u00eda [&hellip;]\" \/>\n<meta property=\"og:url\" content=\"https:\/\/www.solidaridadobrera.org\/confederal\/2022\/02\/15\/aviso-12-2022-metromadrid-accidente-laboral-terrorismo-patronal-mueren-dos-trabajadores\/\" \/>\n<meta property=\"og:site_name\" content=\"CONFEDERACI\u00d3N SOLIDARIDAD OBRERA\" \/>\n<meta property=\"article:publisher\" content=\"https:\/\/es-es.facebook.com\/Soliobrera\" \/>\n<meta property=\"article:published_time\" content=\"2022-02-15T12:05:01+00:00\" \/>\n<meta property=\"article:modified_time\" content=\"2022-02-15T13:02:56+00:00\" \/>\n<meta property=\"og:image\" content=\"https:\/\/www.solidaridadobrera.org\/confederal\/wp-content\/uploads\/2016\/09\/camiseta_logo_soli.jpg\" \/>\n\t<meta property=\"og:image:width\" content=\"1\" \/>\n\t<meta property=\"og:image:height\" content=\"1\" \/>\n\t<meta property=\"og:image:type\" content=\"image\/jpeg\" \/>\n<meta name=\"author\" content=\"S.O.\" \/>\n<meta name=\"twitter:card\" content=\"summary_large_image\" \/>\n<meta name=\"twitter:label1\" content=\"Escrito por\" \/>\n\t<meta name=\"twitter:data1\" content=\"S.O.\" \/>\n\t<meta name=\"twitter:label2\" content=\"Tiempo de lectura\" \/>\n\t<meta name=\"twitter:data2\" content=\"2 minutos\" \/>\n<script type=\"application\/ld+json\" class=\"yoast-schema-graph\">{\"@context\":\"https:\\\/\\\/schema.org\",\"@graph\":[{\"@type\":\"Article\",\"@id\":\"https:\\\/\\\/www.solidaridadobrera.org\\\/confederal\\\/2022\\\/02\\\/15\\\/aviso-12-2022-metromadrid-accidente-laboral-terrorismo-patronal-mueren-dos-trabajadores\\\/#article\",\"isPartOf\":{\"@id\":\"https:\\\/\\\/www.solidaridadobrera.org\\\/confederal\\\/2022\\\/02\\\/15\\\/aviso-12-2022-metromadrid-accidente-laboral-terrorismo-patronal-mueren-dos-trabajadores\\\/\"},\"author\":{\"name\":\"S.O.\",\"@id\":\"https:\\\/\\\/www.solidaridadobrera.org\\\/confederal\\\/#\\\/schema\\\/person\\\/1d0b5cc67a7687e43ea0ce81cc07762b\"},\"headline\":\"AVISO 13\\\/2022 METROMADRID \u2013 ACCIDENTE LABORAL TERRORISMO PATRONAL &#8211; MUEREN DOS TRABAJADORES\",\"datePublished\":\"2022-02-15T12:05:01+00:00\",\"dateModified\":\"2022-02-15T13:02:56+00:00\",\"mainEntityOfPage\":{\"@id\":\"https:\\\/\\\/www.solidaridadobrera.org\\\/confederal\\\/2022\\\/02\\\/15\\\/aviso-12-2022-metromadrid-accidente-laboral-terrorismo-patronal-mueren-dos-trabajadores\\\/\"},\"wordCount\":339,\"commentCount\":0,\"publisher\":{\"@id\":\"https:\\\/\\\/www.solidaridadobrera.org\\\/confederal\\\/#organization\"},\"image\":{\"@id\":\"https:\\\/\\\/www.solidaridadobrera.org\\\/confederal\\\/2022\\\/02\\\/15\\\/aviso-12-2022-metromadrid-accidente-laboral-terrorismo-patronal-mueren-dos-trabajadores\\\/#primaryimage\"},\"thumbnailUrl\":\"https:\\\/\\\/www.solidaridadobrera.org\\\/confederal\\\/wp-content\\\/uploads\\\/2016\\\/09\\\/camiseta_logo_soli.jpg\",\"articleSection\":[\"Avisos para los Trabajadores de Metro de Madrid 2022\"],\"inLanguage\":\"es\",\"potentialAction\":[{\"@type\":\"CommentAction\",\"name\":\"Comment\",\"target\":[\"https:\\\/\\\/www.solidaridadobrera.org\\\/confederal\\\/2022\\\/02\\\/15\\\/aviso-12-2022-metromadrid-accidente-laboral-terrorismo-patronal-mueren-dos-trabajadores\\\/#respond\"]}]},{\"@type\":\"WebPage\",\"@id\":\"https:\\\/\\\/www.solidaridadobrera.org\\\/confederal\\\/2022\\\/02\\\/15\\\/aviso-12-2022-metromadrid-accidente-laboral-terrorismo-patronal-mueren-dos-trabajadores\\\/\",\"url\":\"https:\\\/\\\/www.solidaridadobrera.org\\\/confederal\\\/2022\\\/02\\\/15\\\/aviso-12-2022-metromadrid-accidente-laboral-terrorismo-patronal-mueren-dos-trabajadores\\\/\",\"name\":\"AVISO 13\\\/2022 METROMADRID \u2013 ACCIDENTE LABORAL TERRORISMO PATRONAL - MUEREN DOS TRABAJADORES - CONFEDERACI\u00d3N SOLIDARIDAD OBRERA\",\"isPartOf\":{\"@id\":\"https:\\\/\\\/www.solidaridadobrera.org\\\/confederal\\\/#website\"},\"primaryImageOfPage\":{\"@id\":\"https:\\\/\\\/www.solidaridadobrera.org\\\/confederal\\\/2022\\\/02\\\/15\\\/aviso-12-2022-metromadrid-accidente-laboral-terrorismo-patronal-mueren-dos-trabajadores\\\/#primaryimage\"},\"image\":{\"@id\":\"https:\\\/\\\/www.solidaridadobrera.org\\\/confederal\\\/2022\\\/02\\\/15\\\/aviso-12-2022-metromadrid-accidente-laboral-terrorismo-patronal-mueren-dos-trabajadores\\\/#primaryimage\"},\"thumbnailUrl\":\"https:\\\/\\\/www.solidaridadobrera.org\\\/confederal\\\/wp-content\\\/uploads\\\/2016\\\/09\\\/camiseta_logo_soli.jpg\",\"datePublished\":\"2022-02-15T12:05:01+00:00\",\"dateModified\":\"2022-02-15T13:02:56+00:00\",\"breadcrumb\":{\"@id\":\"https:\\\/\\\/www.solidaridadobrera.org\\\/confederal\\\/2022\\\/02\\\/15\\\/aviso-12-2022-metromadrid-accidente-laboral-terrorismo-patronal-mueren-dos-trabajadores\\\/#breadcrumb\"},\"inLanguage\":\"es\",\"potentialAction\":[{\"@type\":\"ReadAction\",\"target\":[\"https:\\\/\\\/www.solidaridadobrera.org\\\/confederal\\\/2022\\\/02\\\/15\\\/aviso-12-2022-metromadrid-accidente-laboral-terrorismo-patronal-mueren-dos-trabajadores\\\/\"]}]},{\"@type\":\"ImageObject\",\"inLanguage\":\"es\",\"@id\":\"https:\\\/\\\/www.solidaridadobrera.org\\\/confederal\\\/2022\\\/02\\\/15\\\/aviso-12-2022-metromadrid-accidente-laboral-terrorismo-patronal-mueren-dos-trabajadores\\\/#primaryimage\",\"url\":\"https:\\\/\\\/www.solidaridadobrera.org\\\/confederal\\\/wp-content\\\/uploads\\\/2016\\\/09\\\/camiseta_logo_soli.jpg\",\"contentUrl\":\"https:\\\/\\\/www.solidaridadobrera.org\\\/confederal\\\/wp-content\\\/uploads\\\/2016\\\/09\\\/camiseta_logo_soli.jpg\"},{\"@type\":\"BreadcrumbList\",\"@id\":\"https:\\\/\\\/www.solidaridadobrera.org\\\/confederal\\\/2022\\\/02\\\/15\\\/aviso-12-2022-metromadrid-accidente-laboral-terrorismo-patronal-mueren-dos-trabajadores\\\/#breadcrumb\",\"itemListElement\":[{\"@type\":\"ListItem\",\"position\":1,\"name\":\"Portada\",\"item\":\"https:\\\/\\\/www.solidaridadobrera.org\\\/confederal\\\/\"},{\"@type\":\"ListItem\",\"position\":2,\"name\":\"AVISO 13\\\/2022 METROMADRID \u2013 ACCIDENTE LABORAL TERRORISMO PATRONAL &#8211; MUEREN DOS TRABAJADORES\"}]},{\"@type\":\"WebSite\",\"@id\":\"https:\\\/\\\/www.solidaridadobrera.org\\\/confederal\\\/#website\",\"url\":\"https:\\\/\\\/www.solidaridadobrera.org\\\/confederal\\\/\",\"name\":\"SOLIDARIDAD OBRERA\",\"description\":\"Confederaci\u00f3n Anarcosindicalista. La lucha es el \u00fanico camino.\",\"publisher\":{\"@id\":\"https:\\\/\\\/www.solidaridadobrera.org\\\/confederal\\\/#organization\"},\"potentialAction\":[{\"@type\":\"SearchAction\",\"target\":{\"@type\":\"EntryPoint\",\"urlTemplate\":\"https:\\\/\\\/www.solidaridadobrera.org\\\/confederal\\\/?s={search_term_string}\"},\"query-input\":{\"@type\":\"PropertyValueSpecification\",\"valueRequired\":true,\"valueName\":\"search_term_string\"}}],\"inLanguage\":\"es\"},{\"@type\":\"Organization\",\"@id\":\"https:\\\/\\\/www.solidaridadobrera.org\\\/confederal\\\/#organization\",\"name\":\"Solidaridad Obrera\",\"url\":\"https:\\\/\\\/www.solidaridadobrera.org\\\/confederal\\\/\",\"logo\":{\"@type\":\"ImageObject\",\"inLanguage\":\"es\",\"@id\":\"https:\\\/\\\/www.solidaridadobrera.org\\\/confederal\\\/#\\\/schema\\\/logo\\\/image\\\/\",\"url\":\"https:\\\/\\\/www.solidaridadobrera.org\\\/confederal\\\/wp-content\\\/uploads\\\/2021\\\/07\\\/logo_soli_web.png\",\"contentUrl\":\"https:\\\/\\\/www.solidaridadobrera.org\\\/confederal\\\/wp-content\\\/uploads\\\/2021\\\/07\\\/logo_soli_web.png\",\"width\":1181,\"height\":1181,\"caption\":\"Solidaridad Obrera\"},\"image\":{\"@id\":\"https:\\\/\\\/www.solidaridadobrera.org\\\/confederal\\\/#\\\/schema\\\/logo\\\/image\\\/\"},\"sameAs\":[\"https:\\\/\\\/es-es.facebook.com\\\/Soliobrera\",\"https:\\\/\\\/www.instagram.com\\\/soliobrera\\\/\",\"https:\\\/\\\/web.telegram.org\\\/a\\\/#-1001124968543\"]},{\"@type\":\"Person\",\"@id\":\"https:\\\/\\\/www.solidaridadobrera.org\\\/confederal\\\/#\\\/schema\\\/person\\\/1d0b5cc67a7687e43ea0ce81cc07762b\",\"name\":\"S.O.\",\"image\":{\"@type\":\"ImageObject\",\"inLanguage\":\"es\",\"@id\":\"https:\\\/\\\/secure.gravatar.com\\\/avatar\\\/f428d50306ef38bf07edd4476779476fb6644d1239c4355b20775b8b86b85576?s=96&d=mm&r=g\",\"url\":\"https:\\\/\\\/secure.gravatar.com\\\/avatar\\\/f428d50306ef38bf07edd4476779476fb6644d1239c4355b20775b8b86b85576?s=96&d=mm&r=g\",\"contentUrl\":\"https:\\\/\\\/secure.gravatar.com\\\/avatar\\\/f428d50306ef38bf07edd4476779476fb6644d1239c4355b20775b8b86b85576?s=96&d=mm&r=g\",\"caption\":\"S.O.\"},\"url\":\"https:\\\/\\\/www.solidaridadobrera.org\\\/confederal\\\/author\\\/solidaridad-obrera\\\/\"}]}<\/script>\n<!-- \/ Yoast SEO plugin. -->","yoast_head_json":{"title":"AVISO 13\/2022 METROMADRID \u2013 ACCIDENTE LABORAL TERRORISMO PATRONAL - MUEREN DOS TRABAJADORES - CONFEDERACI\u00d3N SOLIDARIDAD OBRERA","robots":{"index":"index","follow":"follow","max-snippet":"max-snippet:-1","max-image-preview":"max-image-preview:large","max-video-preview":"max-video-preview:-1"},"canonical":"https:\/\/www.solidaridadobrera.org\/confederal\/2022\/02\/15\/aviso-12-2022-metromadrid-accidente-laboral-terrorismo-patronal-mueren-dos-trabajadores\/","og_locale":"es_ES","og_type":"article","og_title":"AVISO 13\/2022 METROMADRID \u2013 ACCIDENTE LABORAL TERRORISMO PATRONAL - MUEREN DOS TRABAJADORES - CONFEDERACI\u00d3N SOLIDARIDAD OBRERA","og_description":"El pasado 3 de febrero en el Metro de Medell\u00edn dos compa\u00f1eros del Servicio de V\u00edas perdieron la vida debido a un arrollamiento, los protocolos de bajada a la v\u00eda [&hellip;]","og_url":"https:\/\/www.solidaridadobrera.org\/confederal\/2022\/02\/15\/aviso-12-2022-metromadrid-accidente-laboral-terrorismo-patronal-mueren-dos-trabajadores\/","og_site_name":"CONFEDERACI\u00d3N SOLIDARIDAD OBRERA","article_publisher":"https:\/\/es-es.facebook.com\/Soliobrera","article_published_time":"2022-02-15T12:05:01+00:00","article_modified_time":"2022-02-15T13:02:56+00:00","og_image":[{"url":"https:\/\/www.solidaridadobrera.org\/confederal\/wp-content\/uploads\/2016\/09\/camiseta_logo_soli.jpg","width":1,"height":1,"type":"image\/jpeg"}],"author":"S.O.","twitter_card":"summary_large_image","twitter_misc":{"Escrito por":"S.O.","Tiempo de lectura":"2 minutos"},"schema":{"@context":"https:\/\/schema.org","@graph":[{"@type":"Article","@id":"https:\/\/www.solidaridadobrera.org\/confederal\/2022\/02\/15\/aviso-12-2022-metromadrid-accidente-laboral-terrorismo-patronal-mueren-dos-trabajadores\/#article","isPartOf":{"@id":"https:\/\/www.solidaridadobrera.org\/confederal\/2022\/02\/15\/aviso-12-2022-metromadrid-accidente-laboral-terrorismo-patronal-mueren-dos-trabajadores\/"},"author":{"name":"S.O.","@id":"https:\/\/www.solidaridadobrera.org\/confederal\/#\/schema\/person\/1d0b5cc67a7687e43ea0ce81cc07762b"},"headline":"AVISO 13\/2022 METROMADRID \u2013 ACCIDENTE LABORAL TERRORISMO PATRONAL &#8211; MUEREN DOS TRABAJADORES","datePublished":"2022-02-15T12:05:01+00:00","dateModified":"2022-02-15T13:02:56+00:00","mainEntityOfPage":{"@id":"https:\/\/www.solidaridadobrera.org\/confederal\/2022\/02\/15\/aviso-12-2022-metromadrid-accidente-laboral-terrorismo-patronal-mueren-dos-trabajadores\/"},"wordCount":339,"commentCount":0,"publisher":{"@id":"https:\/\/www.solidaridadobrera.org\/confederal\/#organization"},"image":{"@id":"https:\/\/www.solidaridadobrera.org\/confederal\/2022\/02\/15\/aviso-12-2022-metromadrid-accidente-laboral-terrorismo-patronal-mueren-dos-trabajadores\/#primaryimage"},"thumbnailUrl":"https:\/\/www.solidaridadobrera.org\/confederal\/wp-content\/uploads\/2016\/09\/camiseta_logo_soli.jpg","articleSection":["Avisos para los Trabajadores de Metro de Madrid 2022"],"inLanguage":"es","potentialAction":[{"@type":"CommentAction","name":"Comment","target":["https:\/\/www.solidaridadobrera.org\/confederal\/2022\/02\/15\/aviso-12-2022-metromadrid-accidente-laboral-terrorismo-patronal-mueren-dos-trabajadores\/#respond"]}]},{"@type":"WebPage","@id":"https:\/\/www.solidaridadobrera.org\/confederal\/2022\/02\/15\/aviso-12-2022-metromadrid-accidente-laboral-terrorismo-patronal-mueren-dos-trabajadores\/","url":"https:\/\/www.solidaridadobrera.org\/confederal\/2022\/02\/15\/aviso-12-2022-metromadrid-accidente-laboral-terrorismo-patronal-mueren-dos-trabajadores\/","name":"AVISO 13\/2022 METROMADRID \u2013 ACCIDENTE LABORAL TERRORISMO PATRONAL - MUEREN DOS TRABAJADORES - CONFEDERACI\u00d3N SOLIDARIDAD OBRERA","isPartOf":{"@id":"https:\/\/www.solidaridadobrera.org\/confederal\/#website"},"primaryImageOfPage":{"@id":"https:\/\/www.solidaridadobrera.org\/confederal\/2022\/02\/15\/aviso-12-2022-metromadrid-accidente-laboral-terrorismo-patronal-mueren-dos-trabajadores\/#primaryimage"},"image":{"@id":"https:\/\/www.solidaridadobrera.org\/confederal\/2022\/02\/15\/aviso-12-2022-metromadrid-accidente-laboral-terrorismo-patronal-mueren-dos-trabajadores\/#primaryimage"},"thumbnailUrl":"https:\/\/www.solidaridadobrera.org\/confederal\/wp-content\/uploads\/2016\/09\/camiseta_logo_soli.jpg","datePublished":"2022-02-15T12:05:01+00:00","dateModified":"2022-02-15T13:02:56+00:00","breadcrumb":{"@id":"https:\/\/www.solidaridadobrera.org\/confederal\/2022\/02\/15\/aviso-12-2022-metromadrid-accidente-laboral-terrorismo-patronal-mueren-dos-trabajadores\/#breadcrumb"},"inLanguage":"es","potentialAction":[{"@type":"ReadAction","target":["https:\/\/www.solidaridadobrera.org\/confederal\/2022\/02\/15\/aviso-12-2022-metromadrid-accidente-laboral-terrorismo-patronal-mueren-dos-trabajadores\/"]}]},{"@type":"ImageObject","inLanguage":"es","@id":"https:\/\/www.solidaridadobrera.org\/confederal\/2022\/02\/15\/aviso-12-2022-metromadrid-accidente-laboral-terrorismo-patronal-mueren-dos-trabajadores\/#primaryimage","url":"https:\/\/www.solidaridadobrera.org\/confederal\/wp-content\/uploads\/2016\/09\/camiseta_logo_soli.jpg","contentUrl":"https:\/\/www.solidaridadobrera.org\/confederal\/wp-content\/uploads\/2016\/09\/camiseta_logo_soli.jpg"},{"@type":"BreadcrumbList","@id":"https:\/\/www.solidaridadobrera.org\/confederal\/2022\/02\/15\/aviso-12-2022-metromadrid-accidente-laboral-terrorismo-patronal-mueren-dos-trabajadores\/#breadcrumb","itemListElement":[{"@type":"ListItem","position":1,"name":"Portada","item":"https:\/\/www.solidaridadobrera.org\/confederal\/"},{"@type":"ListItem","position":2,"name":"AVISO 13\/2022 METROMADRID \u2013 ACCIDENTE LABORAL TERRORISMO PATRONAL &#8211; MUEREN DOS TRABAJADORES"}]},{"@type":"WebSite","@id":"https:\/\/www.solidaridadobrera.org\/confederal\/#website","url":"https:\/\/www.solidaridadobrera.org\/confederal\/","name":"SOLIDARIDAD OBRERA","description":"Confederaci\u00f3n Anarcosindicalista. La lucha es el \u00fanico camino.","publisher":{"@id":"https:\/\/www.solidaridadobrera.org\/confederal\/#organization"},"potentialAction":[{"@type":"SearchAction","target":{"@type":"EntryPoint","urlTemplate":"https:\/\/www.solidaridadobrera.org\/confederal\/?s={search_term_string}"},"query-input":{"@type":"PropertyValueSpecification","valueRequired":true,"valueName":"search_term_string"}}],"inLanguage":"es"},{"@type":"Organization","@id":"https:\/\/www.solidaridadobrera.org\/confederal\/#organization","name":"Solidaridad Obrera","url":"https:\/\/www.solidaridadobrera.org\/confederal\/","logo":{"@type":"ImageObject","inLanguage":"es","@id":"https:\/\/www.solidaridadobrera.org\/confederal\/#\/schema\/logo\/image\/","url":"https:\/\/www.solidaridadobrera.org\/confederal\/wp-content\/uploads\/2021\/07\/logo_soli_web.png","contentUrl":"https:\/\/www.solidaridadobrera.org\/confederal\/wp-content\/uploads\/2021\/07\/logo_soli_web.png","width":1181,"height":1181,"caption":"Solidaridad Obrera"},"image":{"@id":"https:\/\/www.solidaridadobrera.org\/confederal\/#\/schema\/logo\/image\/"},"sameAs":["https:\/\/es-es.facebook.com\/Soliobrera","https:\/\/www.instagram.com\/soliobrera\/","https:\/\/web.telegram.org\/a\/#-1001124968543"]},{"@type":"Person","@id":"https:\/\/www.solidaridadobrera.org\/confederal\/#\/schema\/person\/1d0b5cc67a7687e43ea0ce81cc07762b","name":"S.O.","image":{"@type":"ImageObject","inLanguage":"es","@id":"https:\/\/secure.gravatar.com\/avatar\/f428d50306ef38bf07edd4476779476fb6644d1239c4355b20775b8b86b85576?s=96&d=mm&r=g","url":"https:\/\/secure.gravatar.com\/avatar\/f428d50306ef38bf07edd4476779476fb6644d1239c4355b20775b8b86b85576?s=96&d=mm&r=g","contentUrl":"https:\/\/secure.gravatar.com\/avatar\/f428d50306ef38bf07edd4476779476fb6644d1239c4355b20775b8b86b85576?s=96&d=mm&r=g","caption":"S.O."},"url":"https:\/\/www.solidaridadobrera.org\/confederal\/author\/solidaridad-obrera\/"}]}},"_links":{"self":[{"href":"https:\/\/www.solidaridadobrera.org\/confederal\/wp-json\/wp\/v2\/posts\/10286","targetHints":{"allow":["GET"]}}],"collection":[{"href":"https:\/\/www.solidaridadobrera.org\/confederal\/wp-json\/wp\/v2\/posts"}],"about":[{"href":"https:\/\/www.solidaridadobrera.org\/confederal\/wp-json\/wp\/v2\/types\/post"}],"author":[{"embeddable":true,"href":"https:\/\/www.solidaridadobrera.org\/confederal\/wp-json\/wp\/v2\/users\/3"}],"replies":[{"embeddable":true,"href":"https:\/\/www.solidaridadobrera.org\/confederal\/wp-json\/wp\/v2\/comments?post=10286"}],"version-history":[{"count":2,"href":"https:\/\/www.solidaridadobrera.org\/confederal\/wp-json\/wp\/v2\/posts\/10286\/revisions"}],"predecessor-version":[{"id":10289,"href":"https:\/\/www.solidaridadobrera.org\/confederal\/wp-json\/wp\/v2\/posts\/10286\/revisions\/10289"}],"wp:featuredmedia":[{"embeddable":true,"href":"https:\/\/www.solidaridadobrera.org\/confederal\/wp-json\/wp\/v2\/media\/9694"}],"wp:attachment":[{"href":"https:\/\/www.solidaridadobrera.org\/confederal\/wp-json\/wp\/v2\/media?parent=10286"}],"wp:term":[{"taxonomy":"category","embeddable":true,"href":"https:\/\/www.solidaridadobrera.org\/confederal\/wp-json\/wp\/v2\/categories?post=10286"},{"taxonomy":"post_tag","embeddable":true,"href":"https:\/\/www.solidaridadobrera.org\/confederal\/wp-json\/wp\/v2\/tags?post=10286"}],"curies":[{"name":"wp","href":"https:\/\/api.w.org\/{rel}","templated":true}]}}