{"id":10280,"date":"2022-02-15T12:01:05","date_gmt":"2022-02-15T12:01:05","guid":{"rendered":"https:\/\/www.solidaridadobrera.org\/confederal\/?p=10280"},"modified":"2022-02-15T12:01:27","modified_gmt":"2022-02-15T12:01:27","slug":"aviso-11-2022-metromadrid-ultimas-reuniones-de-la-comision-de-seguimiento-y-desarrollo-de-convenico-colectivo","status":"publish","type":"post","link":"https:\/\/www.solidaridadobrera.org\/confederal\/2022\/02\/15\/aviso-11-2022-metromadrid-ultimas-reuniones-de-la-comision-de-seguimiento-y-desarrollo-de-convenico-colectivo\/","title":{"rendered":"AVISO 11\/2022 METROMADRID \u2013 \u00daLTIMAS REUNIONES DE LA COMISI\u00d3N DE SEGUIMIENTO Y DESARROLLO DE CONVENICO COLECTIVO"},"content":{"rendered":"\n<div class=\"wp-block-file\"><a href=\"https:\/\/www.solidaridadobrera.org\/confederal\/wp-content\/uploads\/2022\/02\/Aviso-112022.pdf\">Aviso-112022<\/a><a href=\"https:\/\/www.solidaridadobrera.org\/confederal\/wp-content\/uploads\/2022\/02\/Aviso-112022.pdf\" class=\"wp-block-file__button\" download>Descarga<\/a><\/div>\n\n\n\n<p><strong>NOMBRAMIENTO<\/strong>: La acci\u00f3n formativa que se impartir\u00e1 al personal de nombramiento se impartir\u00e1 a finales de febrero principios de marzo, dicha acci\u00f3n formativa consistir\u00e1 en la actualizaci\u00f3n de los conocimientos.<\/p>\n\n\n\n<p><strong>COMMIT<\/strong>: No ha venido nadie del servicio aun solicit\u00e1ndolo en las reuniones previas con la empresa, <strong>Solidaridad<\/strong> <strong>Obrera<\/strong> ha transmitido la incapacidad del servicio de gestionar dicho centro, <strong><u>estos gestores ya se cargaron a los ATACSI, siendo ahora una contrata la que mal realiza el trabajo que antes desempe\u00f1aban perfectamente los compa\u00f1eros de Metro.<\/u><\/strong> <strong>Luego vino la modificaci\u00f3n sustancial de las condiciones de trabajo de los Jefes de Sala que vino ocasionada por una pataleta infantil del servicio no entendiendo que su figura es el engranaje principal del centro.<\/strong> Por \u00faltimo, la problem\u00e1tica de <strong>Help Desk<\/strong>, d\u00eda tras d\u00eda estos compa\u00f1eros ven que por falta de planificaci\u00f3n est\u00e1n siendo ellos los que cargan sobre sus espaldas la falta de plantilla entre otros muchos problemas, y que gracias a la inoperancia del servicio est\u00e1n en esta situaci\u00f3n. Pese a ello y no gracias al Jefe de Servicio, aumentar\u00e1 muy pr\u00f3ximamente en <strong>5 agentes<\/strong>, plazas que saldr\u00e1n en las pr\u00f3ximas semanas. Respecto al <strong>teletrabajo<\/strong>, RRHH no tiene previsto incluir al colectivo ya que no est\u00e1 en el convenio incluido, pero recordamos que tambi\u00e9n viene reflejado la evaluaci\u00f3n de los puestos para abrir esa posibilidad. La empresa tambi\u00e9n se cierra a la posibilidad de poder elegir <strong>RTS<\/strong> entre Canillejas y Cristalia que son los puntos que actualmente tienen por el COVID.<\/p>\n\n\n\n<p><strong>TELETRABAJO<\/strong>: La empresa deja muy claro que<strong> no habr\u00e1 ning\u00fan tipo de pago de los gastos generados por teletrabajar,<\/strong> que el modelo <strong>ser\u00e1 2 d\u00edas de teletrabajo y 3 presenciales en el c\u00f3mputo semanal<\/strong>. En marzo saldr\u00e1 por and\u00e9n central la solicitud a aquellos agentes que pueden teletrabajar, la adscripci\u00f3n a esta modalidad de trabajo debe ser por acuerdo voluntario entre ambas partes, con horario coincidente como si trabajase presencialmente y de duraci\u00f3n de un a\u00f1o, aunque podr\u00e1 verse interrumpido por una serie de motivos y plazos.<\/p>\n\n\n\n<p><strong><u>Se va a contratar los servicios de una empresa exterior especializada en evaluar objetivamente que puestos son o no son susceptibles del teletrabajo seg\u00fan funciones siendo imprescindible que al menos un 30% de la jornada sea susceptible al teletrabajo. Dicha evaluaci\u00f3n ser\u00e1 por puestos y no por colectivos, la dotaci\u00f3n facilitada ser\u00e1 de port\u00e1til, pantalla, rat\u00f3n y teclado.<\/u><\/strong><\/p>\n\n\n\n<p><strong>Desde <u>Solidaridad Obrera, llamamos a NO REALIZAR TELETRABAJO<\/u>, falta mucho por avanzar en esta negociaci\u00f3n de la que la empresa saca mucho partido y ahorro, y que en poco o nada beneficia a los compa\u00f1eros y compa\u00f1eras. <u>Si se acepta en estas condiciones sin desarrollar, ser\u00e1n las que prevalezcan en el futuro y luego nos lamentaremos, no vale con decir que ya se esta haciendo, ya que hasta el d\u00eda de hoy es considerado trabajo a distancia por COVID.<\/u><\/strong><\/p>\n\n\n\n<p><strong>ALMACENES<\/strong>: Con motivo de no haber voluntarios suficientes para la guardia de disponibilidad del fin de semana en almacenes, <strong>se han vuelto a realizar presenciales en los tres turnos. <\/strong>Desde los sindicatos instamos al servicio para que plantee a los trabajadores y trabajadoras una soluci\u00f3n. La empresa no quiere que se siga cubriendo presencialmente, por la falta de plantilla entre semana, por lo tanto, deben poner soluciones sobre la mesa. Adem\u00e1s de solucionar otros muchos problemas, entre ellos por ejemplo la cacicada de la reserva de cupo que exigimos sea retirada, y que con malas artes la empresa usa como medida de presi\u00f3n, esta actitud de los responsables est\u00e1 lejos de solucionar la situaci\u00f3n.<\/p>\n\n\n\n<p><strong>IPM: <\/strong>RRHH y el Servicio de Formaci\u00f3n <strong>han planificado unilateralmente y salt\u00e1ndose as\u00ed el acuerdo alcanzado en el \u00faltimo proceso que instaba a ambas partes a negociar el <\/strong>reparto entre formaci\u00f3n y supervisi\u00f3n de pr\u00e1cticas. <strong><u>Los IPM a d\u00eda de hoy no ser\u00e1n participes ni de dicha formaci\u00f3n ni de la supervisi\u00f3n.<\/u><\/strong><\/p>\n\n\n\n<p><strong>NUEVO PERSONAL DE OFICIO Y JUBILACION PARCIAL<\/strong>: Con motivo de la reclamaci\u00f3n en plazo de <strong>CEGOS<\/strong>, el proceso se retrasar\u00e1 m\u00e1s de un mes (abril o mayo) quedando <strong><u>PEOPLE EXPERT<\/u><\/strong> como \u00fanica empresa en caso de que no prospere dicha reclamaci\u00f3n. Esto afecta directamente a todos aquellos compa\u00f1eros que re\u00fanan las condiciones para poder pasar a la jubilaci\u00f3n Parcial, algo inadmisible y de lo que culpamos a la direcci\u00f3n de la empresa por no tener capacidad para realizar pruebas y gestionar mejor los recursos p\u00fablicos.<\/p>\n\n\n\n<p><strong>PLAZAS DE PROMOCION INTERNA: <\/strong>Van a salir <strong><u>16 plazas de Jefe de L\u00ednea<\/u><\/strong> para cubrir las jubilaciones de los a\u00f1os 2022 y 2023, <strong><u>19 plazas de TEMM en<\/u><\/strong><strong><u> Ciclo Corto<\/u><\/strong>, <strong><u>5 plazas de Primer Nivel de Help Desk<\/u> <\/strong><strong>quedando pendiente <\/strong>por concretar las de T\u00e9cnicos de L\u00ednea, OTICS y Jefes de Dep\u00f3sito que pr\u00f3ximamente saldr\u00e1n.<\/p>\n","protected":false},"excerpt":{"rendered":"<p>NOMBRAMIENTO: La acci\u00f3n formativa que se impartir\u00e1 al personal de nombramiento se impartir\u00e1 a finales de febrero principios de marzo, dicha acci\u00f3n formativa consistir\u00e1 en la actualizaci\u00f3n de los conocimientos. [&hellip;]<\/p>\n","protected":false},"author":3,"featured_media":9465,"comment_status":"open","ping_status":"open","sticky":false,"template":"","format":"standard","meta":{"postBodyCss":"","postBodyMargin":[],"postBodyPadding":[],"postBodyBackground":{"backgroundType":"classic","gradient":""},"ngg_post_thumbnail":0,"footnotes":""},"categories":[694],"tags":[],"class_list":["post-10280","post","type-post","status-publish","format-standard","has-post-thumbnail","hentry","category-avisos-para-los-trabajadores-de-metro-de-madrid-2022"],"yoast_head":"<!-- This site is optimized with the Yoast SEO plugin v27.4 - https:\/\/yoast.com\/product\/yoast-seo-wordpress\/ -->\n<title>AVISO 11\/2022 METROMADRID \u2013 \u00daLTIMAS REUNIONES DE LA COMISI\u00d3N DE SEGUIMIENTO Y DESARROLLO DE CONVENICO COLECTIVO - CONFEDERACI\u00d3N SOLIDARIDAD OBRERA<\/title>\n<meta name=\"robots\" content=\"index, follow, max-snippet:-1, max-image-preview:large, max-video-preview:-1\" \/>\n<link rel=\"canonical\" href=\"https:\/\/www.solidaridadobrera.org\/confederal\/2022\/02\/15\/aviso-11-2022-metromadrid-ultimas-reuniones-de-la-comision-de-seguimiento-y-desarrollo-de-convenico-colectivo\/\" \/>\n<meta property=\"og:locale\" content=\"es_ES\" \/>\n<meta property=\"og:type\" content=\"article\" \/>\n<meta property=\"og:title\" content=\"AVISO 11\/2022 METROMADRID \u2013 \u00daLTIMAS REUNIONES DE LA COMISI\u00d3N DE SEGUIMIENTO Y DESARROLLO DE CONVENICO COLECTIVO - CONFEDERACI\u00d3N SOLIDARIDAD OBRERA\" \/>\n<meta property=\"og:description\" content=\"NOMBRAMIENTO: La acci\u00f3n formativa que se impartir\u00e1 al personal de nombramiento se impartir\u00e1 a finales de febrero principios de marzo, dicha acci\u00f3n formativa consistir\u00e1 en la actualizaci\u00f3n de los conocimientos. [&hellip;]\" \/>\n<meta property=\"og:url\" content=\"https:\/\/www.solidaridadobrera.org\/confederal\/2022\/02\/15\/aviso-11-2022-metromadrid-ultimas-reuniones-de-la-comision-de-seguimiento-y-desarrollo-de-convenico-colectivo\/\" \/>\n<meta property=\"og:site_name\" content=\"CONFEDERACI\u00d3N SOLIDARIDAD OBRERA\" \/>\n<meta property=\"article:publisher\" content=\"https:\/\/es-es.facebook.com\/Soliobrera\" \/>\n<meta property=\"article:published_time\" content=\"2022-02-15T12:01:05+00:00\" \/>\n<meta property=\"article:modified_time\" content=\"2022-02-15T12:01:27+00:00\" \/>\n<meta property=\"og:image\" content=\"https:\/\/www.solidaridadobrera.org\/confederal\/wp-content\/uploads\/2021\/06\/Sello-Soli-Metro-de-Madrid.png\" \/>\n\t<meta property=\"og:image:width\" content=\"1050\" \/>\n\t<meta property=\"og:image:height\" content=\"1050\" \/>\n\t<meta property=\"og:image:type\" content=\"image\/png\" \/>\n<meta name=\"author\" content=\"S.O.\" \/>\n<meta name=\"twitter:card\" content=\"summary_large_image\" \/>\n<meta name=\"twitter:label1\" content=\"Escrito por\" \/>\n\t<meta name=\"twitter:data1\" content=\"S.O.\" \/>\n\t<meta name=\"twitter:label2\" content=\"Tiempo de lectura\" \/>\n\t<meta name=\"twitter:data2\" content=\"4 minutos\" \/>\n<script type=\"application\/ld+json\" class=\"yoast-schema-graph\">{\"@context\":\"https:\\\/\\\/schema.org\",\"@graph\":[{\"@type\":\"Article\",\"@id\":\"https:\\\/\\\/www.solidaridadobrera.org\\\/confederal\\\/2022\\\/02\\\/15\\\/aviso-11-2022-metromadrid-ultimas-reuniones-de-la-comision-de-seguimiento-y-desarrollo-de-convenico-colectivo\\\/#article\",\"isPartOf\":{\"@id\":\"https:\\\/\\\/www.solidaridadobrera.org\\\/confederal\\\/2022\\\/02\\\/15\\\/aviso-11-2022-metromadrid-ultimas-reuniones-de-la-comision-de-seguimiento-y-desarrollo-de-convenico-colectivo\\\/\"},\"author\":{\"name\":\"S.O.\",\"@id\":\"https:\\\/\\\/www.solidaridadobrera.org\\\/confederal\\\/#\\\/schema\\\/person\\\/1d0b5cc67a7687e43ea0ce81cc07762b\"},\"headline\":\"AVISO 11\\\/2022 METROMADRID \u2013 \u00daLTIMAS REUNIONES DE LA COMISI\u00d3N DE SEGUIMIENTO Y DESARROLLO DE CONVENICO COLECTIVO\",\"datePublished\":\"2022-02-15T12:01:05+00:00\",\"dateModified\":\"2022-02-15T12:01:27+00:00\",\"mainEntityOfPage\":{\"@id\":\"https:\\\/\\\/www.solidaridadobrera.org\\\/confederal\\\/2022\\\/02\\\/15\\\/aviso-11-2022-metromadrid-ultimas-reuniones-de-la-comision-de-seguimiento-y-desarrollo-de-convenico-colectivo\\\/\"},\"wordCount\":852,\"commentCount\":0,\"publisher\":{\"@id\":\"https:\\\/\\\/www.solidaridadobrera.org\\\/confederal\\\/#organization\"},\"image\":{\"@id\":\"https:\\\/\\\/www.solidaridadobrera.org\\\/confederal\\\/2022\\\/02\\\/15\\\/aviso-11-2022-metromadrid-ultimas-reuniones-de-la-comision-de-seguimiento-y-desarrollo-de-convenico-colectivo\\\/#primaryimage\"},\"thumbnailUrl\":\"https:\\\/\\\/www.solidaridadobrera.org\\\/confederal\\\/wp-content\\\/uploads\\\/2021\\\/06\\\/Sello-Soli-Metro-de-Madrid.png\",\"articleSection\":[\"Avisos para los Trabajadores de Metro de Madrid 2022\"],\"inLanguage\":\"es\",\"potentialAction\":[{\"@type\":\"CommentAction\",\"name\":\"Comment\",\"target\":[\"https:\\\/\\\/www.solidaridadobrera.org\\\/confederal\\\/2022\\\/02\\\/15\\\/aviso-11-2022-metromadrid-ultimas-reuniones-de-la-comision-de-seguimiento-y-desarrollo-de-convenico-colectivo\\\/#respond\"]}]},{\"@type\":\"WebPage\",\"@id\":\"https:\\\/\\\/www.solidaridadobrera.org\\\/confederal\\\/2022\\\/02\\\/15\\\/aviso-11-2022-metromadrid-ultimas-reuniones-de-la-comision-de-seguimiento-y-desarrollo-de-convenico-colectivo\\\/\",\"url\":\"https:\\\/\\\/www.solidaridadobrera.org\\\/confederal\\\/2022\\\/02\\\/15\\\/aviso-11-2022-metromadrid-ultimas-reuniones-de-la-comision-de-seguimiento-y-desarrollo-de-convenico-colectivo\\\/\",\"name\":\"AVISO 11\\\/2022 METROMADRID \u2013 \u00daLTIMAS REUNIONES DE LA COMISI\u00d3N DE SEGUIMIENTO Y DESARROLLO DE CONVENICO COLECTIVO - CONFEDERACI\u00d3N SOLIDARIDAD OBRERA\",\"isPartOf\":{\"@id\":\"https:\\\/\\\/www.solidaridadobrera.org\\\/confederal\\\/#website\"},\"primaryImageOfPage\":{\"@id\":\"https:\\\/\\\/www.solidaridadobrera.org\\\/confederal\\\/2022\\\/02\\\/15\\\/aviso-11-2022-metromadrid-ultimas-reuniones-de-la-comision-de-seguimiento-y-desarrollo-de-convenico-colectivo\\\/#primaryimage\"},\"image\":{\"@id\":\"https:\\\/\\\/www.solidaridadobrera.org\\\/confederal\\\/2022\\\/02\\\/15\\\/aviso-11-2022-metromadrid-ultimas-reuniones-de-la-comision-de-seguimiento-y-desarrollo-de-convenico-colectivo\\\/#primaryimage\"},\"thumbnailUrl\":\"https:\\\/\\\/www.solidaridadobrera.org\\\/confederal\\\/wp-content\\\/uploads\\\/2021\\\/06\\\/Sello-Soli-Metro-de-Madrid.png\",\"datePublished\":\"2022-02-15T12:01:05+00:00\",\"dateModified\":\"2022-02-15T12:01:27+00:00\",\"breadcrumb\":{\"@id\":\"https:\\\/\\\/www.solidaridadobrera.org\\\/confederal\\\/2022\\\/02\\\/15\\\/aviso-11-2022-metromadrid-ultimas-reuniones-de-la-comision-de-seguimiento-y-desarrollo-de-convenico-colectivo\\\/#breadcrumb\"},\"inLanguage\":\"es\",\"potentialAction\":[{\"@type\":\"ReadAction\",\"target\":[\"https:\\\/\\\/www.solidaridadobrera.org\\\/confederal\\\/2022\\\/02\\\/15\\\/aviso-11-2022-metromadrid-ultimas-reuniones-de-la-comision-de-seguimiento-y-desarrollo-de-convenico-colectivo\\\/\"]}]},{\"@type\":\"ImageObject\",\"inLanguage\":\"es\",\"@id\":\"https:\\\/\\\/www.solidaridadobrera.org\\\/confederal\\\/2022\\\/02\\\/15\\\/aviso-11-2022-metromadrid-ultimas-reuniones-de-la-comision-de-seguimiento-y-desarrollo-de-convenico-colectivo\\\/#primaryimage\",\"url\":\"https:\\\/\\\/www.solidaridadobrera.org\\\/confederal\\\/wp-content\\\/uploads\\\/2021\\\/06\\\/Sello-Soli-Metro-de-Madrid.png\",\"contentUrl\":\"https:\\\/\\\/www.solidaridadobrera.org\\\/confederal\\\/wp-content\\\/uploads\\\/2021\\\/06\\\/Sello-Soli-Metro-de-Madrid.png\",\"width\":1050,\"height\":1050},{\"@type\":\"BreadcrumbList\",\"@id\":\"https:\\\/\\\/www.solidaridadobrera.org\\\/confederal\\\/2022\\\/02\\\/15\\\/aviso-11-2022-metromadrid-ultimas-reuniones-de-la-comision-de-seguimiento-y-desarrollo-de-convenico-colectivo\\\/#breadcrumb\",\"itemListElement\":[{\"@type\":\"ListItem\",\"position\":1,\"name\":\"Portada\",\"item\":\"https:\\\/\\\/www.solidaridadobrera.org\\\/confederal\\\/\"},{\"@type\":\"ListItem\",\"position\":2,\"name\":\"AVISO 11\\\/2022 METROMADRID \u2013 \u00daLTIMAS REUNIONES DE LA COMISI\u00d3N DE SEGUIMIENTO Y DESARROLLO DE CONVENICO COLECTIVO\"}]},{\"@type\":\"WebSite\",\"@id\":\"https:\\\/\\\/www.solidaridadobrera.org\\\/confederal\\\/#website\",\"url\":\"https:\\\/\\\/www.solidaridadobrera.org\\\/confederal\\\/\",\"name\":\"SOLIDARIDAD OBRERA\",\"description\":\"Confederaci\u00f3n Anarcosindicalista. La lucha es el \u00fanico camino.\",\"publisher\":{\"@id\":\"https:\\\/\\\/www.solidaridadobrera.org\\\/confederal\\\/#organization\"},\"potentialAction\":[{\"@type\":\"SearchAction\",\"target\":{\"@type\":\"EntryPoint\",\"urlTemplate\":\"https:\\\/\\\/www.solidaridadobrera.org\\\/confederal\\\/?s={search_term_string}\"},\"query-input\":{\"@type\":\"PropertyValueSpecification\",\"valueRequired\":true,\"valueName\":\"search_term_string\"}}],\"inLanguage\":\"es\"},{\"@type\":\"Organization\",\"@id\":\"https:\\\/\\\/www.solidaridadobrera.org\\\/confederal\\\/#organization\",\"name\":\"Solidaridad Obrera\",\"url\":\"https:\\\/\\\/www.solidaridadobrera.org\\\/confederal\\\/\",\"logo\":{\"@type\":\"ImageObject\",\"inLanguage\":\"es\",\"@id\":\"https:\\\/\\\/www.solidaridadobrera.org\\\/confederal\\\/#\\\/schema\\\/logo\\\/image\\\/\",\"url\":\"https:\\\/\\\/www.solidaridadobrera.org\\\/confederal\\\/wp-content\\\/uploads\\\/2021\\\/07\\\/logo_soli_web.png\",\"contentUrl\":\"https:\\\/\\\/www.solidaridadobrera.org\\\/confederal\\\/wp-content\\\/uploads\\\/2021\\\/07\\\/logo_soli_web.png\",\"width\":1181,\"height\":1181,\"caption\":\"Solidaridad Obrera\"},\"image\":{\"@id\":\"https:\\\/\\\/www.solidaridadobrera.org\\\/confederal\\\/#\\\/schema\\\/logo\\\/image\\\/\"},\"sameAs\":[\"https:\\\/\\\/es-es.facebook.com\\\/Soliobrera\",\"https:\\\/\\\/www.instagram.com\\\/soliobrera\\\/\",\"https:\\\/\\\/web.telegram.org\\\/a\\\/#-1001124968543\"]},{\"@type\":\"Person\",\"@id\":\"https:\\\/\\\/www.solidaridadobrera.org\\\/confederal\\\/#\\\/schema\\\/person\\\/1d0b5cc67a7687e43ea0ce81cc07762b\",\"name\":\"S.O.\",\"image\":{\"@type\":\"ImageObject\",\"inLanguage\":\"es\",\"@id\":\"https:\\\/\\\/secure.gravatar.com\\\/avatar\\\/f428d50306ef38bf07edd4476779476fb6644d1239c4355b20775b8b86b85576?s=96&d=mm&r=g\",\"url\":\"https:\\\/\\\/secure.gravatar.com\\\/avatar\\\/f428d50306ef38bf07edd4476779476fb6644d1239c4355b20775b8b86b85576?s=96&d=mm&r=g\",\"contentUrl\":\"https:\\\/\\\/secure.gravatar.com\\\/avatar\\\/f428d50306ef38bf07edd4476779476fb6644d1239c4355b20775b8b86b85576?s=96&d=mm&r=g\",\"caption\":\"S.O.\"},\"url\":\"https:\\\/\\\/www.solidaridadobrera.org\\\/confederal\\\/author\\\/solidaridad-obrera\\\/\"}]}<\/script>\n<!-- \/ Yoast SEO plugin. -->","yoast_head_json":{"title":"AVISO 11\/2022 METROMADRID \u2013 \u00daLTIMAS REUNIONES DE LA COMISI\u00d3N DE SEGUIMIENTO Y DESARROLLO DE CONVENICO COLECTIVO - CONFEDERACI\u00d3N SOLIDARIDAD OBRERA","robots":{"index":"index","follow":"follow","max-snippet":"max-snippet:-1","max-image-preview":"max-image-preview:large","max-video-preview":"max-video-preview:-1"},"canonical":"https:\/\/www.solidaridadobrera.org\/confederal\/2022\/02\/15\/aviso-11-2022-metromadrid-ultimas-reuniones-de-la-comision-de-seguimiento-y-desarrollo-de-convenico-colectivo\/","og_locale":"es_ES","og_type":"article","og_title":"AVISO 11\/2022 METROMADRID \u2013 \u00daLTIMAS REUNIONES DE LA COMISI\u00d3N DE SEGUIMIENTO Y DESARROLLO DE CONVENICO COLECTIVO - CONFEDERACI\u00d3N SOLIDARIDAD OBRERA","og_description":"NOMBRAMIENTO: La acci\u00f3n formativa que se impartir\u00e1 al personal de nombramiento se impartir\u00e1 a finales de febrero principios de marzo, dicha acci\u00f3n formativa consistir\u00e1 en la actualizaci\u00f3n de los conocimientos. [&hellip;]","og_url":"https:\/\/www.solidaridadobrera.org\/confederal\/2022\/02\/15\/aviso-11-2022-metromadrid-ultimas-reuniones-de-la-comision-de-seguimiento-y-desarrollo-de-convenico-colectivo\/","og_site_name":"CONFEDERACI\u00d3N SOLIDARIDAD OBRERA","article_publisher":"https:\/\/es-es.facebook.com\/Soliobrera","article_published_time":"2022-02-15T12:01:05+00:00","article_modified_time":"2022-02-15T12:01:27+00:00","og_image":[{"width":1050,"height":1050,"url":"https:\/\/www.solidaridadobrera.org\/confederal\/wp-content\/uploads\/2021\/06\/Sello-Soli-Metro-de-Madrid.png","type":"image\/png"}],"author":"S.O.","twitter_card":"summary_large_image","twitter_misc":{"Escrito por":"S.O.","Tiempo de lectura":"4 minutos"},"schema":{"@context":"https:\/\/schema.org","@graph":[{"@type":"Article","@id":"https:\/\/www.solidaridadobrera.org\/confederal\/2022\/02\/15\/aviso-11-2022-metromadrid-ultimas-reuniones-de-la-comision-de-seguimiento-y-desarrollo-de-convenico-colectivo\/#article","isPartOf":{"@id":"https:\/\/www.solidaridadobrera.org\/confederal\/2022\/02\/15\/aviso-11-2022-metromadrid-ultimas-reuniones-de-la-comision-de-seguimiento-y-desarrollo-de-convenico-colectivo\/"},"author":{"name":"S.O.","@id":"https:\/\/www.solidaridadobrera.org\/confederal\/#\/schema\/person\/1d0b5cc67a7687e43ea0ce81cc07762b"},"headline":"AVISO 11\/2022 METROMADRID \u2013 \u00daLTIMAS REUNIONES DE LA COMISI\u00d3N DE SEGUIMIENTO Y DESARROLLO DE CONVENICO COLECTIVO","datePublished":"2022-02-15T12:01:05+00:00","dateModified":"2022-02-15T12:01:27+00:00","mainEntityOfPage":{"@id":"https:\/\/www.solidaridadobrera.org\/confederal\/2022\/02\/15\/aviso-11-2022-metromadrid-ultimas-reuniones-de-la-comision-de-seguimiento-y-desarrollo-de-convenico-colectivo\/"},"wordCount":852,"commentCount":0,"publisher":{"@id":"https:\/\/www.solidaridadobrera.org\/confederal\/#organization"},"image":{"@id":"https:\/\/www.solidaridadobrera.org\/confederal\/2022\/02\/15\/aviso-11-2022-metromadrid-ultimas-reuniones-de-la-comision-de-seguimiento-y-desarrollo-de-convenico-colectivo\/#primaryimage"},"thumbnailUrl":"https:\/\/www.solidaridadobrera.org\/confederal\/wp-content\/uploads\/2021\/06\/Sello-Soli-Metro-de-Madrid.png","articleSection":["Avisos para los Trabajadores de Metro de Madrid 2022"],"inLanguage":"es","potentialAction":[{"@type":"CommentAction","name":"Comment","target":["https:\/\/www.solidaridadobrera.org\/confederal\/2022\/02\/15\/aviso-11-2022-metromadrid-ultimas-reuniones-de-la-comision-de-seguimiento-y-desarrollo-de-convenico-colectivo\/#respond"]}]},{"@type":"WebPage","@id":"https:\/\/www.solidaridadobrera.org\/confederal\/2022\/02\/15\/aviso-11-2022-metromadrid-ultimas-reuniones-de-la-comision-de-seguimiento-y-desarrollo-de-convenico-colectivo\/","url":"https:\/\/www.solidaridadobrera.org\/confederal\/2022\/02\/15\/aviso-11-2022-metromadrid-ultimas-reuniones-de-la-comision-de-seguimiento-y-desarrollo-de-convenico-colectivo\/","name":"AVISO 11\/2022 METROMADRID \u2013 \u00daLTIMAS REUNIONES DE LA COMISI\u00d3N DE SEGUIMIENTO Y DESARROLLO DE CONVENICO COLECTIVO - CONFEDERACI\u00d3N SOLIDARIDAD OBRERA","isPartOf":{"@id":"https:\/\/www.solidaridadobrera.org\/confederal\/#website"},"primaryImageOfPage":{"@id":"https:\/\/www.solidaridadobrera.org\/confederal\/2022\/02\/15\/aviso-11-2022-metromadrid-ultimas-reuniones-de-la-comision-de-seguimiento-y-desarrollo-de-convenico-colectivo\/#primaryimage"},"image":{"@id":"https:\/\/www.solidaridadobrera.org\/confederal\/2022\/02\/15\/aviso-11-2022-metromadrid-ultimas-reuniones-de-la-comision-de-seguimiento-y-desarrollo-de-convenico-colectivo\/#primaryimage"},"thumbnailUrl":"https:\/\/www.solidaridadobrera.org\/confederal\/wp-content\/uploads\/2021\/06\/Sello-Soli-Metro-de-Madrid.png","datePublished":"2022-02-15T12:01:05+00:00","dateModified":"2022-02-15T12:01:27+00:00","breadcrumb":{"@id":"https:\/\/www.solidaridadobrera.org\/confederal\/2022\/02\/15\/aviso-11-2022-metromadrid-ultimas-reuniones-de-la-comision-de-seguimiento-y-desarrollo-de-convenico-colectivo\/#breadcrumb"},"inLanguage":"es","potentialAction":[{"@type":"ReadAction","target":["https:\/\/www.solidaridadobrera.org\/confederal\/2022\/02\/15\/aviso-11-2022-metromadrid-ultimas-reuniones-de-la-comision-de-seguimiento-y-desarrollo-de-convenico-colectivo\/"]}]},{"@type":"ImageObject","inLanguage":"es","@id":"https:\/\/www.solidaridadobrera.org\/confederal\/2022\/02\/15\/aviso-11-2022-metromadrid-ultimas-reuniones-de-la-comision-de-seguimiento-y-desarrollo-de-convenico-colectivo\/#primaryimage","url":"https:\/\/www.solidaridadobrera.org\/confederal\/wp-content\/uploads\/2021\/06\/Sello-Soli-Metro-de-Madrid.png","contentUrl":"https:\/\/www.solidaridadobrera.org\/confederal\/wp-content\/uploads\/2021\/06\/Sello-Soli-Metro-de-Madrid.png","width":1050,"height":1050},{"@type":"BreadcrumbList","@id":"https:\/\/www.solidaridadobrera.org\/confederal\/2022\/02\/15\/aviso-11-2022-metromadrid-ultimas-reuniones-de-la-comision-de-seguimiento-y-desarrollo-de-convenico-colectivo\/#breadcrumb","itemListElement":[{"@type":"ListItem","position":1,"name":"Portada","item":"https:\/\/www.solidaridadobrera.org\/confederal\/"},{"@type":"ListItem","position":2,"name":"AVISO 11\/2022 METROMADRID \u2013 \u00daLTIMAS REUNIONES DE LA COMISI\u00d3N DE SEGUIMIENTO Y DESARROLLO DE CONVENICO COLECTIVO"}]},{"@type":"WebSite","@id":"https:\/\/www.solidaridadobrera.org\/confederal\/#website","url":"https:\/\/www.solidaridadobrera.org\/confederal\/","name":"SOLIDARIDAD OBRERA","description":"Confederaci\u00f3n Anarcosindicalista. La lucha es el \u00fanico camino.","publisher":{"@id":"https:\/\/www.solidaridadobrera.org\/confederal\/#organization"},"potentialAction":[{"@type":"SearchAction","target":{"@type":"EntryPoint","urlTemplate":"https:\/\/www.solidaridadobrera.org\/confederal\/?s={search_term_string}"},"query-input":{"@type":"PropertyValueSpecification","valueRequired":true,"valueName":"search_term_string"}}],"inLanguage":"es"},{"@type":"Organization","@id":"https:\/\/www.solidaridadobrera.org\/confederal\/#organization","name":"Solidaridad Obrera","url":"https:\/\/www.solidaridadobrera.org\/confederal\/","logo":{"@type":"ImageObject","inLanguage":"es","@id":"https:\/\/www.solidaridadobrera.org\/confederal\/#\/schema\/logo\/image\/","url":"https:\/\/www.solidaridadobrera.org\/confederal\/wp-content\/uploads\/2021\/07\/logo_soli_web.png","contentUrl":"https:\/\/www.solidaridadobrera.org\/confederal\/wp-content\/uploads\/2021\/07\/logo_soli_web.png","width":1181,"height":1181,"caption":"Solidaridad Obrera"},"image":{"@id":"https:\/\/www.solidaridadobrera.org\/confederal\/#\/schema\/logo\/image\/"},"sameAs":["https:\/\/es-es.facebook.com\/Soliobrera","https:\/\/www.instagram.com\/soliobrera\/","https:\/\/web.telegram.org\/a\/#-1001124968543"]},{"@type":"Person","@id":"https:\/\/www.solidaridadobrera.org\/confederal\/#\/schema\/person\/1d0b5cc67a7687e43ea0ce81cc07762b","name":"S.O.","image":{"@type":"ImageObject","inLanguage":"es","@id":"https:\/\/secure.gravatar.com\/avatar\/f428d50306ef38bf07edd4476779476fb6644d1239c4355b20775b8b86b85576?s=96&d=mm&r=g","url":"https:\/\/secure.gravatar.com\/avatar\/f428d50306ef38bf07edd4476779476fb6644d1239c4355b20775b8b86b85576?s=96&d=mm&r=g","contentUrl":"https:\/\/secure.gravatar.com\/avatar\/f428d50306ef38bf07edd4476779476fb6644d1239c4355b20775b8b86b85576?s=96&d=mm&r=g","caption":"S.O."},"url":"https:\/\/www.solidaridadobrera.org\/confederal\/author\/solidaridad-obrera\/"}]}},"_links":{"self":[{"href":"https:\/\/www.solidaridadobrera.org\/confederal\/wp-json\/wp\/v2\/posts\/10280","targetHints":{"allow":["GET"]}}],"collection":[{"href":"https:\/\/www.solidaridadobrera.org\/confederal\/wp-json\/wp\/v2\/posts"}],"about":[{"href":"https:\/\/www.solidaridadobrera.org\/confederal\/wp-json\/wp\/v2\/types\/post"}],"author":[{"embeddable":true,"href":"https:\/\/www.solidaridadobrera.org\/confederal\/wp-json\/wp\/v2\/users\/3"}],"replies":[{"embeddable":true,"href":"https:\/\/www.solidaridadobrera.org\/confederal\/wp-json\/wp\/v2\/comments?post=10280"}],"version-history":[{"count":1,"href":"https:\/\/www.solidaridadobrera.org\/confederal\/wp-json\/wp\/v2\/posts\/10280\/revisions"}],"predecessor-version":[{"id":10282,"href":"https:\/\/www.solidaridadobrera.org\/confederal\/wp-json\/wp\/v2\/posts\/10280\/revisions\/10282"}],"wp:featuredmedia":[{"embeddable":true,"href":"https:\/\/www.solidaridadobrera.org\/confederal\/wp-json\/wp\/v2\/media\/9465"}],"wp:attachment":[{"href":"https:\/\/www.solidaridadobrera.org\/confederal\/wp-json\/wp\/v2\/media?parent=10280"}],"wp:term":[{"taxonomy":"category","embeddable":true,"href":"https:\/\/www.solidaridadobrera.org\/confederal\/wp-json\/wp\/v2\/categories?post=10280"},{"taxonomy":"post_tag","embeddable":true,"href":"https:\/\/www.solidaridadobrera.org\/confederal\/wp-json\/wp\/v2\/tags?post=10280"}],"curies":[{"name":"wp","href":"https:\/\/api.w.org\/{rel}","templated":true}]}}