{"id":10142,"date":"2022-02-02T17:50:54","date_gmt":"2022-02-02T17:50:54","guid":{"rendered":"https:\/\/www.solidaridadobrera.org\/confederal\/?p=10142"},"modified":"2022-02-02T17:50:57","modified_gmt":"2022-02-02T17:50:57","slug":"aviso-9-2022-metromadrid-pleno-del-comite-de-seguridad-y-salud-25-1-22","status":"publish","type":"post","link":"https:\/\/www.solidaridadobrera.org\/confederal\/2022\/02\/02\/aviso-9-2022-metromadrid-pleno-del-comite-de-seguridad-y-salud-25-1-22\/","title":{"rendered":"AVISO 9\/2022 METROMADRID \u2013 PLENO DEL COMIT\u00c9 DE SEGURIDAD Y SALUD 25\/1\/22"},"content":{"rendered":"\n<div class=\"wp-block-file\"><a href=\"https:\/\/www.solidaridadobrera.org\/confederal\/wp-content\/uploads\/2022\/02\/PLENO-DEL-COMIT-DE-SEGURIDAD-Y-SALUD-25-1-22.pdf\">PLENO-DEL-COMIT-DE-SEGURIDAD-Y-SALUD-25-1-22<\/a><a href=\"https:\/\/www.solidaridadobrera.org\/confederal\/wp-content\/uploads\/2022\/02\/PLENO-DEL-COMIT-DE-SEGURIDAD-Y-SALUD-25-1-22.pdf\" class=\"wp-block-file__button\" download>Descarga<\/a><\/div>\n\n\n\n<p>Como siempre, comenz\u00f3 esta reuni\u00f3n por el tema de actas que, pese a ser relevante a nivel burocr\u00e1tico, poco<br>aporta en este documento. Continu\u00f3 con los temas tratados con la Inspecci\u00f3n de Trabajo, detonados siempre por una<br>denuncia previa. Denuncias que, desde este sindicato, se presentan ante temas enquistados o ante temas tan flagrantes y obvios, que deben ser cercenados inmediatamente. Lo m\u00e1s relevante fue el acuerdo sobre la ampliaci\u00f3n de la formaci\u00f3n en Se\u00f1ales, el reconocimiento (y subsanaci\u00f3n) de deficiencias de se\u00f1alizaci\u00f3n de amianto en estaciones, el desarrollo, aplicaci\u00f3n e informaci\u00f3n sobre un proceso de trazabilidad de las piezas en Material M\u00f3vil.<\/p>\n\n\n\n<p>La ropa de trabajo y sus costes, volvieron a estar presentes. Despu\u00e9s de que esta compa\u00f1\u00eda malgastara dinero en<br>contratar a una empresa de dise\u00f1o, pese a estar avisados por Solidaridad Obrera de este derroche, pues la ropa buena<br>cuesta m\u00e1s, pero a medida, a\u00fan mucho m\u00e1s. Ahora, una vez que lo han comprobado en sus carnes, se han puesto buscar ropa profesional, pero sigue sin encajar en el presupuesto. Lo curioso es que parecen sorprendidos de que haya un sobrecoste pese a ser ropa fabricada en serie, cuando es completamente normal cuando pasas de ir con sacos de arpillera, a ir m\u00ednimamente equipados para el trabajo.<\/p>\n\n\n\n<p>Nos informaron de las pruebas realizadas con unos guantes de trabajo con algo de protecci\u00f3n contra el fr\u00edo, siendo<br>positivas las impresiones de los agentes que los han probado. Estos EEPPII, de ser todas las impresiones positivas, se<br>empezar\u00e1n usando en las secciones que m\u00e1s corrientes y bajas temperaturas sufren, ampli\u00e1ndose posteriormente, ya<br>veremos si por las buenas.<\/p>\n\n\n\n<p>Despu\u00e9s de un a\u00f1o y medio, nos siguen vacilando con la existencia de mascarillas de talla S, negando su existencia<br>primero, diciendo que no est\u00e1n disponibles despu\u00e9s o que, por \u00faltimo, 3M dice que no puede suministrarlas. Lo bueno de las mentiras, es que tienen las patas tan cortas como una llamada o un correo electr\u00f3nico, quedando demostrado que la mascarilla VFlex (la \u00fanica que tiene dos tallas en todo el mercado, hasta donde sabemos, pues las busc\u00f3 y encontr\u00f3 este sindicato) est\u00e1 disponible y ha disposici\u00f3n de quien quiera comprarlas. As\u00ed mismo, los problemas con guantes y calzado de seguridad, est\u00e1n medio resueltos, pero deberemos seguir vigilantes, pues los guantes de talla 5 siguen sin tener matricula, discriminando as\u00ed a aquellas personas que los necesitan.<\/p>\n\n\n\n<p>Se exigi\u00f3 el cumplimiento de las modificaciones acordadas, y reflejadas en la IG-07, sobre uso de veh\u00edculos, que<br>incluyen un cheklist diario, la instalaci\u00f3n de un vinilo informativo en cada veh\u00edculo y otras de menor relevancia. Por las<br>respuestas recibidas, nadie pretend\u00eda hacerlo, pues el Servicio encargado no sabia ni de que se hablaba, meritocracia lo<br>llaman.<\/p>\n\n\n\n<p>Se pusieron de manifiesto las graves carencias del curso sobre humos di\u00e9sel, que parece hecho para salir m\u00e1s<br>perdido, y m\u00e1s desinformado, que cuando entras al mismo. Se exigi\u00f3 la convocatoria de una reuni\u00f3n, para arreglarlo, pues no se nos ha permitido hacerlo en los plazos que marca la Ley, que son previos a su ejecuci\u00f3n. El \u00c1rea de Prevenci\u00f3n, ante tantos y tan fundados argumentos, no tuvo m\u00e1s remedio que convocar dicha reuni\u00f3n para el d\u00eda 3 de febrero.<\/p>\n\n\n\n<p>Con el COVID, y los datos, ocurri\u00f3 una muy cosa curiosa, hemos llegado a estar en un \u00edndice de contagios de<br>12.108\/100.000, dato este muy por encima del \u00edndice de la Comunidad de Madrid. Cualquiera, podr\u00eda pensar que en<br>Metro hacemos las cosas fatal, que no tenemos protecciones, que vemos alguien tosiendo y le chupamos la cara. Aunque, si pensara un poco m\u00e1s, se dar\u00eda cuenta que gracias a las exigencias y peleas de l@s trabajadorxs, junto con la parte social (incluyendo denuncias), y la llegada del sentido com\u00fan al \u00c1rea de Prevenci\u00f3n (que no al Servicio), disponemos de los medios que no hay en otras empresas para nuestra protecci\u00f3n. De esta manera, la \u00fanica conclusi\u00f3n posible, y m\u00e1s que evidente, es la incre\u00edble manipulaci\u00f3n de este gobierno de la CAM con los datos. Votar demagogia, falsedad y corrupci\u00f3n, siempre tiene premio.<\/p>\n\n\n\n<p>Ante la solicitud de informaci\u00f3n, para realizar la investigaci\u00f3n de un accidente (leve) por el fallo de los frenos de<br>un tren, la representante de la Operativa, en honor a la actitud clasista y prepotente de su jefa, la jefa de \u00c1rea de Gesti\u00f3n Operativa de L\u00edneas, nos mand\u00f3 a pedirlo \u201cen otro sitio\u201d. Es triste tener que recordar las obligaciones de esta empresa, o eso pensar\u00e1 la Inspecci\u00f3n de Trabajo cuando le llegue la denuncia de este sindicato.<\/p>\n\n\n\n<p>Recordar a todo el personal de estaciones en el desarrollo de un GAV, que tienen derecho (como siempre que haga<br>demasiado fr\u00edo o calor) a los 10 minutos de recuperaci\u00f3n t\u00e9rmica, previa comunicaci\u00f3n. As\u00ed volvi\u00f3 a quedar claro durante esta reuni\u00f3n.<\/p>\n","protected":false},"excerpt":{"rendered":"<p>Como siempre, comenz\u00f3 esta reuni\u00f3n por el tema de actas que, pese a ser relevante a nivel burocr\u00e1tico, pocoaporta en este documento. Continu\u00f3 con los temas tratados con la Inspecci\u00f3n [&hellip;]<\/p>\n","protected":false},"author":3,"featured_media":9465,"comment_status":"open","ping_status":"open","sticky":false,"template":"","format":"standard","meta":{"postBodyCss":"","postBodyMargin":[],"postBodyPadding":[],"postBodyBackground":{"backgroundType":"classic","gradient":""},"ngg_post_thumbnail":0,"footnotes":""},"categories":[694],"tags":[],"class_list":["post-10142","post","type-post","status-publish","format-standard","has-post-thumbnail","hentry","category-avisos-para-los-trabajadores-de-metro-de-madrid-2022"],"yoast_head":"<!-- This site is optimized with the Yoast SEO plugin v27.5 - https:\/\/yoast.com\/product\/yoast-seo-wordpress\/ -->\n<title>AVISO 9\/2022 METROMADRID \u2013 PLENO DEL COMIT\u00c9 DE SEGURIDAD Y SALUD 25\/1\/22 - CONFEDERACI\u00d3N SOLIDARIDAD OBRERA<\/title>\n<meta name=\"robots\" content=\"index, follow, max-snippet:-1, max-image-preview:large, max-video-preview:-1\" \/>\n<link rel=\"canonical\" href=\"https:\/\/www.solidaridadobrera.org\/confederal\/2022\/02\/02\/aviso-9-2022-metromadrid-pleno-del-comite-de-seguridad-y-salud-25-1-22\/\" \/>\n<meta property=\"og:locale\" content=\"es_ES\" \/>\n<meta property=\"og:type\" content=\"article\" \/>\n<meta property=\"og:title\" content=\"AVISO 9\/2022 METROMADRID \u2013 PLENO DEL COMIT\u00c9 DE SEGURIDAD Y SALUD 25\/1\/22 - CONFEDERACI\u00d3N SOLIDARIDAD OBRERA\" \/>\n<meta property=\"og:description\" content=\"Como siempre, comenz\u00f3 esta reuni\u00f3n por el tema de actas que, pese a ser relevante a nivel burocr\u00e1tico, pocoaporta en este documento. Continu\u00f3 con los temas tratados con la Inspecci\u00f3n [&hellip;]\" \/>\n<meta property=\"og:url\" content=\"https:\/\/www.solidaridadobrera.org\/confederal\/2022\/02\/02\/aviso-9-2022-metromadrid-pleno-del-comite-de-seguridad-y-salud-25-1-22\/\" \/>\n<meta property=\"og:site_name\" content=\"CONFEDERACI\u00d3N SOLIDARIDAD OBRERA\" \/>\n<meta property=\"article:publisher\" content=\"https:\/\/es-es.facebook.com\/Soliobrera\" \/>\n<meta property=\"article:published_time\" content=\"2022-02-02T17:50:54+00:00\" \/>\n<meta property=\"article:modified_time\" content=\"2022-02-02T17:50:57+00:00\" \/>\n<meta property=\"og:image\" content=\"https:\/\/www.solidaridadobrera.org\/confederal\/wp-content\/uploads\/2021\/06\/Sello-Soli-Metro-de-Madrid.png\" \/>\n\t<meta property=\"og:image:width\" content=\"1050\" \/>\n\t<meta property=\"og:image:height\" content=\"1050\" \/>\n\t<meta property=\"og:image:type\" content=\"image\/png\" \/>\n<meta name=\"author\" content=\"S.O.\" \/>\n<meta name=\"twitter:card\" content=\"summary_large_image\" \/>\n<meta name=\"twitter:label1\" content=\"Escrito por\" \/>\n\t<meta name=\"twitter:data1\" content=\"S.O.\" \/>\n\t<meta name=\"twitter:label2\" content=\"Tiempo de lectura\" \/>\n\t<meta name=\"twitter:data2\" content=\"4 minutos\" \/>\n<script type=\"application\/ld+json\" class=\"yoast-schema-graph\">{\"@context\":\"https:\\\/\\\/schema.org\",\"@graph\":[{\"@type\":\"Article\",\"@id\":\"https:\\\/\\\/www.solidaridadobrera.org\\\/confederal\\\/2022\\\/02\\\/02\\\/aviso-9-2022-metromadrid-pleno-del-comite-de-seguridad-y-salud-25-1-22\\\/#article\",\"isPartOf\":{\"@id\":\"https:\\\/\\\/www.solidaridadobrera.org\\\/confederal\\\/2022\\\/02\\\/02\\\/aviso-9-2022-metromadrid-pleno-del-comite-de-seguridad-y-salud-25-1-22\\\/\"},\"author\":{\"name\":\"S.O.\",\"@id\":\"https:\\\/\\\/www.solidaridadobrera.org\\\/confederal\\\/#\\\/schema\\\/person\\\/1d0b5cc67a7687e43ea0ce81cc07762b\"},\"headline\":\"AVISO 9\\\/2022 METROMADRID \u2013 PLENO DEL COMIT\u00c9 DE SEGURIDAD Y SALUD 25\\\/1\\\/22\",\"datePublished\":\"2022-02-02T17:50:54+00:00\",\"dateModified\":\"2022-02-02T17:50:57+00:00\",\"mainEntityOfPage\":{\"@id\":\"https:\\\/\\\/www.solidaridadobrera.org\\\/confederal\\\/2022\\\/02\\\/02\\\/aviso-9-2022-metromadrid-pleno-del-comite-de-seguridad-y-salud-25-1-22\\\/\"},\"wordCount\":854,\"commentCount\":0,\"publisher\":{\"@id\":\"https:\\\/\\\/www.solidaridadobrera.org\\\/confederal\\\/#organization\"},\"image\":{\"@id\":\"https:\\\/\\\/www.solidaridadobrera.org\\\/confederal\\\/2022\\\/02\\\/02\\\/aviso-9-2022-metromadrid-pleno-del-comite-de-seguridad-y-salud-25-1-22\\\/#primaryimage\"},\"thumbnailUrl\":\"https:\\\/\\\/www.solidaridadobrera.org\\\/confederal\\\/wp-content\\\/uploads\\\/2021\\\/06\\\/Sello-Soli-Metro-de-Madrid.png\",\"articleSection\":[\"Avisos para los Trabajadores de Metro de Madrid 2022\"],\"inLanguage\":\"es\",\"potentialAction\":[{\"@type\":\"CommentAction\",\"name\":\"Comment\",\"target\":[\"https:\\\/\\\/www.solidaridadobrera.org\\\/confederal\\\/2022\\\/02\\\/02\\\/aviso-9-2022-metromadrid-pleno-del-comite-de-seguridad-y-salud-25-1-22\\\/#respond\"]}]},{\"@type\":\"WebPage\",\"@id\":\"https:\\\/\\\/www.solidaridadobrera.org\\\/confederal\\\/2022\\\/02\\\/02\\\/aviso-9-2022-metromadrid-pleno-del-comite-de-seguridad-y-salud-25-1-22\\\/\",\"url\":\"https:\\\/\\\/www.solidaridadobrera.org\\\/confederal\\\/2022\\\/02\\\/02\\\/aviso-9-2022-metromadrid-pleno-del-comite-de-seguridad-y-salud-25-1-22\\\/\",\"name\":\"AVISO 9\\\/2022 METROMADRID \u2013 PLENO DEL COMIT\u00c9 DE SEGURIDAD Y SALUD 25\\\/1\\\/22 - CONFEDERACI\u00d3N SOLIDARIDAD OBRERA\",\"isPartOf\":{\"@id\":\"https:\\\/\\\/www.solidaridadobrera.org\\\/confederal\\\/#website\"},\"primaryImageOfPage\":{\"@id\":\"https:\\\/\\\/www.solidaridadobrera.org\\\/confederal\\\/2022\\\/02\\\/02\\\/aviso-9-2022-metromadrid-pleno-del-comite-de-seguridad-y-salud-25-1-22\\\/#primaryimage\"},\"image\":{\"@id\":\"https:\\\/\\\/www.solidaridadobrera.org\\\/confederal\\\/2022\\\/02\\\/02\\\/aviso-9-2022-metromadrid-pleno-del-comite-de-seguridad-y-salud-25-1-22\\\/#primaryimage\"},\"thumbnailUrl\":\"https:\\\/\\\/www.solidaridadobrera.org\\\/confederal\\\/wp-content\\\/uploads\\\/2021\\\/06\\\/Sello-Soli-Metro-de-Madrid.png\",\"datePublished\":\"2022-02-02T17:50:54+00:00\",\"dateModified\":\"2022-02-02T17:50:57+00:00\",\"breadcrumb\":{\"@id\":\"https:\\\/\\\/www.solidaridadobrera.org\\\/confederal\\\/2022\\\/02\\\/02\\\/aviso-9-2022-metromadrid-pleno-del-comite-de-seguridad-y-salud-25-1-22\\\/#breadcrumb\"},\"inLanguage\":\"es\",\"potentialAction\":[{\"@type\":\"ReadAction\",\"target\":[\"https:\\\/\\\/www.solidaridadobrera.org\\\/confederal\\\/2022\\\/02\\\/02\\\/aviso-9-2022-metromadrid-pleno-del-comite-de-seguridad-y-salud-25-1-22\\\/\"]}]},{\"@type\":\"ImageObject\",\"inLanguage\":\"es\",\"@id\":\"https:\\\/\\\/www.solidaridadobrera.org\\\/confederal\\\/2022\\\/02\\\/02\\\/aviso-9-2022-metromadrid-pleno-del-comite-de-seguridad-y-salud-25-1-22\\\/#primaryimage\",\"url\":\"https:\\\/\\\/www.solidaridadobrera.org\\\/confederal\\\/wp-content\\\/uploads\\\/2021\\\/06\\\/Sello-Soli-Metro-de-Madrid.png\",\"contentUrl\":\"https:\\\/\\\/www.solidaridadobrera.org\\\/confederal\\\/wp-content\\\/uploads\\\/2021\\\/06\\\/Sello-Soli-Metro-de-Madrid.png\",\"width\":1050,\"height\":1050},{\"@type\":\"BreadcrumbList\",\"@id\":\"https:\\\/\\\/www.solidaridadobrera.org\\\/confederal\\\/2022\\\/02\\\/02\\\/aviso-9-2022-metromadrid-pleno-del-comite-de-seguridad-y-salud-25-1-22\\\/#breadcrumb\",\"itemListElement\":[{\"@type\":\"ListItem\",\"position\":1,\"name\":\"Portada\",\"item\":\"https:\\\/\\\/www.solidaridadobrera.org\\\/confederal\\\/\"},{\"@type\":\"ListItem\",\"position\":2,\"name\":\"AVISO 9\\\/2022 METROMADRID \u2013 PLENO DEL COMIT\u00c9 DE SEGURIDAD Y SALUD 25\\\/1\\\/22\"}]},{\"@type\":\"WebSite\",\"@id\":\"https:\\\/\\\/www.solidaridadobrera.org\\\/confederal\\\/#website\",\"url\":\"https:\\\/\\\/www.solidaridadobrera.org\\\/confederal\\\/\",\"name\":\"SOLIDARIDAD OBRERA\",\"description\":\"Confederaci\u00f3n Anarcosindicalista. La lucha es el \u00fanico camino.\",\"publisher\":{\"@id\":\"https:\\\/\\\/www.solidaridadobrera.org\\\/confederal\\\/#organization\"},\"potentialAction\":[{\"@type\":\"SearchAction\",\"target\":{\"@type\":\"EntryPoint\",\"urlTemplate\":\"https:\\\/\\\/www.solidaridadobrera.org\\\/confederal\\\/?s={search_term_string}\"},\"query-input\":{\"@type\":\"PropertyValueSpecification\",\"valueRequired\":true,\"valueName\":\"search_term_string\"}}],\"inLanguage\":\"es\"},{\"@type\":\"Organization\",\"@id\":\"https:\\\/\\\/www.solidaridadobrera.org\\\/confederal\\\/#organization\",\"name\":\"Solidaridad Obrera\",\"url\":\"https:\\\/\\\/www.solidaridadobrera.org\\\/confederal\\\/\",\"logo\":{\"@type\":\"ImageObject\",\"inLanguage\":\"es\",\"@id\":\"https:\\\/\\\/www.solidaridadobrera.org\\\/confederal\\\/#\\\/schema\\\/logo\\\/image\\\/\",\"url\":\"https:\\\/\\\/www.solidaridadobrera.org\\\/confederal\\\/wp-content\\\/uploads\\\/2021\\\/07\\\/logo_soli_web.png\",\"contentUrl\":\"https:\\\/\\\/www.solidaridadobrera.org\\\/confederal\\\/wp-content\\\/uploads\\\/2021\\\/07\\\/logo_soli_web.png\",\"width\":1181,\"height\":1181,\"caption\":\"Solidaridad Obrera\"},\"image\":{\"@id\":\"https:\\\/\\\/www.solidaridadobrera.org\\\/confederal\\\/#\\\/schema\\\/logo\\\/image\\\/\"},\"sameAs\":[\"https:\\\/\\\/es-es.facebook.com\\\/Soliobrera\",\"https:\\\/\\\/www.instagram.com\\\/soliobrera\\\/\",\"https:\\\/\\\/web.telegram.org\\\/a\\\/#-1001124968543\"]},{\"@type\":\"Person\",\"@id\":\"https:\\\/\\\/www.solidaridadobrera.org\\\/confederal\\\/#\\\/schema\\\/person\\\/1d0b5cc67a7687e43ea0ce81cc07762b\",\"name\":\"S.O.\",\"image\":{\"@type\":\"ImageObject\",\"inLanguage\":\"es\",\"@id\":\"https:\\\/\\\/secure.gravatar.com\\\/avatar\\\/f428d50306ef38bf07edd4476779476fb6644d1239c4355b20775b8b86b85576?s=96&d=mm&r=g\",\"url\":\"https:\\\/\\\/secure.gravatar.com\\\/avatar\\\/f428d50306ef38bf07edd4476779476fb6644d1239c4355b20775b8b86b85576?s=96&d=mm&r=g\",\"contentUrl\":\"https:\\\/\\\/secure.gravatar.com\\\/avatar\\\/f428d50306ef38bf07edd4476779476fb6644d1239c4355b20775b8b86b85576?s=96&d=mm&r=g\",\"caption\":\"S.O.\"},\"url\":\"https:\\\/\\\/www.solidaridadobrera.org\\\/confederal\\\/author\\\/solidaridad-obrera\\\/\"}]}<\/script>\n<!-- \/ Yoast SEO plugin. -->","yoast_head_json":{"title":"AVISO 9\/2022 METROMADRID \u2013 PLENO DEL COMIT\u00c9 DE SEGURIDAD Y SALUD 25\/1\/22 - CONFEDERACI\u00d3N SOLIDARIDAD OBRERA","robots":{"index":"index","follow":"follow","max-snippet":"max-snippet:-1","max-image-preview":"max-image-preview:large","max-video-preview":"max-video-preview:-1"},"canonical":"https:\/\/www.solidaridadobrera.org\/confederal\/2022\/02\/02\/aviso-9-2022-metromadrid-pleno-del-comite-de-seguridad-y-salud-25-1-22\/","og_locale":"es_ES","og_type":"article","og_title":"AVISO 9\/2022 METROMADRID \u2013 PLENO DEL COMIT\u00c9 DE SEGURIDAD Y SALUD 25\/1\/22 - CONFEDERACI\u00d3N SOLIDARIDAD OBRERA","og_description":"Como siempre, comenz\u00f3 esta reuni\u00f3n por el tema de actas que, pese a ser relevante a nivel burocr\u00e1tico, pocoaporta en este documento. Continu\u00f3 con los temas tratados con la Inspecci\u00f3n [&hellip;]","og_url":"https:\/\/www.solidaridadobrera.org\/confederal\/2022\/02\/02\/aviso-9-2022-metromadrid-pleno-del-comite-de-seguridad-y-salud-25-1-22\/","og_site_name":"CONFEDERACI\u00d3N SOLIDARIDAD OBRERA","article_publisher":"https:\/\/es-es.facebook.com\/Soliobrera","article_published_time":"2022-02-02T17:50:54+00:00","article_modified_time":"2022-02-02T17:50:57+00:00","og_image":[{"width":1050,"height":1050,"url":"https:\/\/www.solidaridadobrera.org\/confederal\/wp-content\/uploads\/2021\/06\/Sello-Soli-Metro-de-Madrid.png","type":"image\/png"}],"author":"S.O.","twitter_card":"summary_large_image","twitter_misc":{"Escrito por":"S.O.","Tiempo de lectura":"4 minutos"},"schema":{"@context":"https:\/\/schema.org","@graph":[{"@type":"Article","@id":"https:\/\/www.solidaridadobrera.org\/confederal\/2022\/02\/02\/aviso-9-2022-metromadrid-pleno-del-comite-de-seguridad-y-salud-25-1-22\/#article","isPartOf":{"@id":"https:\/\/www.solidaridadobrera.org\/confederal\/2022\/02\/02\/aviso-9-2022-metromadrid-pleno-del-comite-de-seguridad-y-salud-25-1-22\/"},"author":{"name":"S.O.","@id":"https:\/\/www.solidaridadobrera.org\/confederal\/#\/schema\/person\/1d0b5cc67a7687e43ea0ce81cc07762b"},"headline":"AVISO 9\/2022 METROMADRID \u2013 PLENO DEL COMIT\u00c9 DE SEGURIDAD Y SALUD 25\/1\/22","datePublished":"2022-02-02T17:50:54+00:00","dateModified":"2022-02-02T17:50:57+00:00","mainEntityOfPage":{"@id":"https:\/\/www.solidaridadobrera.org\/confederal\/2022\/02\/02\/aviso-9-2022-metromadrid-pleno-del-comite-de-seguridad-y-salud-25-1-22\/"},"wordCount":854,"commentCount":0,"publisher":{"@id":"https:\/\/www.solidaridadobrera.org\/confederal\/#organization"},"image":{"@id":"https:\/\/www.solidaridadobrera.org\/confederal\/2022\/02\/02\/aviso-9-2022-metromadrid-pleno-del-comite-de-seguridad-y-salud-25-1-22\/#primaryimage"},"thumbnailUrl":"https:\/\/www.solidaridadobrera.org\/confederal\/wp-content\/uploads\/2021\/06\/Sello-Soli-Metro-de-Madrid.png","articleSection":["Avisos para los Trabajadores de Metro de Madrid 2022"],"inLanguage":"es","potentialAction":[{"@type":"CommentAction","name":"Comment","target":["https:\/\/www.solidaridadobrera.org\/confederal\/2022\/02\/02\/aviso-9-2022-metromadrid-pleno-del-comite-de-seguridad-y-salud-25-1-22\/#respond"]}]},{"@type":"WebPage","@id":"https:\/\/www.solidaridadobrera.org\/confederal\/2022\/02\/02\/aviso-9-2022-metromadrid-pleno-del-comite-de-seguridad-y-salud-25-1-22\/","url":"https:\/\/www.solidaridadobrera.org\/confederal\/2022\/02\/02\/aviso-9-2022-metromadrid-pleno-del-comite-de-seguridad-y-salud-25-1-22\/","name":"AVISO 9\/2022 METROMADRID \u2013 PLENO DEL COMIT\u00c9 DE SEGURIDAD Y SALUD 25\/1\/22 - CONFEDERACI\u00d3N SOLIDARIDAD OBRERA","isPartOf":{"@id":"https:\/\/www.solidaridadobrera.org\/confederal\/#website"},"primaryImageOfPage":{"@id":"https:\/\/www.solidaridadobrera.org\/confederal\/2022\/02\/02\/aviso-9-2022-metromadrid-pleno-del-comite-de-seguridad-y-salud-25-1-22\/#primaryimage"},"image":{"@id":"https:\/\/www.solidaridadobrera.org\/confederal\/2022\/02\/02\/aviso-9-2022-metromadrid-pleno-del-comite-de-seguridad-y-salud-25-1-22\/#primaryimage"},"thumbnailUrl":"https:\/\/www.solidaridadobrera.org\/confederal\/wp-content\/uploads\/2021\/06\/Sello-Soli-Metro-de-Madrid.png","datePublished":"2022-02-02T17:50:54+00:00","dateModified":"2022-02-02T17:50:57+00:00","breadcrumb":{"@id":"https:\/\/www.solidaridadobrera.org\/confederal\/2022\/02\/02\/aviso-9-2022-metromadrid-pleno-del-comite-de-seguridad-y-salud-25-1-22\/#breadcrumb"},"inLanguage":"es","potentialAction":[{"@type":"ReadAction","target":["https:\/\/www.solidaridadobrera.org\/confederal\/2022\/02\/02\/aviso-9-2022-metromadrid-pleno-del-comite-de-seguridad-y-salud-25-1-22\/"]}]},{"@type":"ImageObject","inLanguage":"es","@id":"https:\/\/www.solidaridadobrera.org\/confederal\/2022\/02\/02\/aviso-9-2022-metromadrid-pleno-del-comite-de-seguridad-y-salud-25-1-22\/#primaryimage","url":"https:\/\/www.solidaridadobrera.org\/confederal\/wp-content\/uploads\/2021\/06\/Sello-Soli-Metro-de-Madrid.png","contentUrl":"https:\/\/www.solidaridadobrera.org\/confederal\/wp-content\/uploads\/2021\/06\/Sello-Soli-Metro-de-Madrid.png","width":1050,"height":1050},{"@type":"BreadcrumbList","@id":"https:\/\/www.solidaridadobrera.org\/confederal\/2022\/02\/02\/aviso-9-2022-metromadrid-pleno-del-comite-de-seguridad-y-salud-25-1-22\/#breadcrumb","itemListElement":[{"@type":"ListItem","position":1,"name":"Portada","item":"https:\/\/www.solidaridadobrera.org\/confederal\/"},{"@type":"ListItem","position":2,"name":"AVISO 9\/2022 METROMADRID \u2013 PLENO DEL COMIT\u00c9 DE SEGURIDAD Y SALUD 25\/1\/22"}]},{"@type":"WebSite","@id":"https:\/\/www.solidaridadobrera.org\/confederal\/#website","url":"https:\/\/www.solidaridadobrera.org\/confederal\/","name":"SOLIDARIDAD OBRERA","description":"Confederaci\u00f3n Anarcosindicalista. La lucha es el \u00fanico camino.","publisher":{"@id":"https:\/\/www.solidaridadobrera.org\/confederal\/#organization"},"potentialAction":[{"@type":"SearchAction","target":{"@type":"EntryPoint","urlTemplate":"https:\/\/www.solidaridadobrera.org\/confederal\/?s={search_term_string}"},"query-input":{"@type":"PropertyValueSpecification","valueRequired":true,"valueName":"search_term_string"}}],"inLanguage":"es"},{"@type":"Organization","@id":"https:\/\/www.solidaridadobrera.org\/confederal\/#organization","name":"Solidaridad Obrera","url":"https:\/\/www.solidaridadobrera.org\/confederal\/","logo":{"@type":"ImageObject","inLanguage":"es","@id":"https:\/\/www.solidaridadobrera.org\/confederal\/#\/schema\/logo\/image\/","url":"https:\/\/www.solidaridadobrera.org\/confederal\/wp-content\/uploads\/2021\/07\/logo_soli_web.png","contentUrl":"https:\/\/www.solidaridadobrera.org\/confederal\/wp-content\/uploads\/2021\/07\/logo_soli_web.png","width":1181,"height":1181,"caption":"Solidaridad Obrera"},"image":{"@id":"https:\/\/www.solidaridadobrera.org\/confederal\/#\/schema\/logo\/image\/"},"sameAs":["https:\/\/es-es.facebook.com\/Soliobrera","https:\/\/www.instagram.com\/soliobrera\/","https:\/\/web.telegram.org\/a\/#-1001124968543"]},{"@type":"Person","@id":"https:\/\/www.solidaridadobrera.org\/confederal\/#\/schema\/person\/1d0b5cc67a7687e43ea0ce81cc07762b","name":"S.O.","image":{"@type":"ImageObject","inLanguage":"es","@id":"https:\/\/secure.gravatar.com\/avatar\/f428d50306ef38bf07edd4476779476fb6644d1239c4355b20775b8b86b85576?s=96&d=mm&r=g","url":"https:\/\/secure.gravatar.com\/avatar\/f428d50306ef38bf07edd4476779476fb6644d1239c4355b20775b8b86b85576?s=96&d=mm&r=g","contentUrl":"https:\/\/secure.gravatar.com\/avatar\/f428d50306ef38bf07edd4476779476fb6644d1239c4355b20775b8b86b85576?s=96&d=mm&r=g","caption":"S.O."},"url":"https:\/\/www.solidaridadobrera.org\/confederal\/author\/solidaridad-obrera\/"}]}},"_links":{"self":[{"href":"https:\/\/www.solidaridadobrera.org\/confederal\/wp-json\/wp\/v2\/posts\/10142","targetHints":{"allow":["GET"]}}],"collection":[{"href":"https:\/\/www.solidaridadobrera.org\/confederal\/wp-json\/wp\/v2\/posts"}],"about":[{"href":"https:\/\/www.solidaridadobrera.org\/confederal\/wp-json\/wp\/v2\/types\/post"}],"author":[{"embeddable":true,"href":"https:\/\/www.solidaridadobrera.org\/confederal\/wp-json\/wp\/v2\/users\/3"}],"replies":[{"embeddable":true,"href":"https:\/\/www.solidaridadobrera.org\/confederal\/wp-json\/wp\/v2\/comments?post=10142"}],"version-history":[{"count":1,"href":"https:\/\/www.solidaridadobrera.org\/confederal\/wp-json\/wp\/v2\/posts\/10142\/revisions"}],"predecessor-version":[{"id":10144,"href":"https:\/\/www.solidaridadobrera.org\/confederal\/wp-json\/wp\/v2\/posts\/10142\/revisions\/10144"}],"wp:featuredmedia":[{"embeddable":true,"href":"https:\/\/www.solidaridadobrera.org\/confederal\/wp-json\/wp\/v2\/media\/9465"}],"wp:attachment":[{"href":"https:\/\/www.solidaridadobrera.org\/confederal\/wp-json\/wp\/v2\/media?parent=10142"}],"wp:term":[{"taxonomy":"category","embeddable":true,"href":"https:\/\/www.solidaridadobrera.org\/confederal\/wp-json\/wp\/v2\/categories?post=10142"},{"taxonomy":"post_tag","embeddable":true,"href":"https:\/\/www.solidaridadobrera.org\/confederal\/wp-json\/wp\/v2\/tags?post=10142"}],"curies":[{"name":"wp","href":"https:\/\/api.w.org\/{rel}","templated":true}]}}